{"id":59804,"date":"2020-04-01T13:38:51","date_gmt":"2020-04-01T16:38:51","guid":{"rendered":"https:\/\/www.actualidadadiario.com\/?p=59804"},"modified":"2020-04-01T13:38:51","modified_gmt":"2020-04-01T16:38:51","slug":"un-concejal-tomo-la-posta-en-chajari-donara-la-mitad-de-su-dieta-al-hospital-santa-rosa","status":"publish","type":"post","link":"https:\/\/www.actualidadadiario.com\/index.php\/2020\/04\/01\/un-concejal-tomo-la-posta-en-chajari-donara-la-mitad-de-su-dieta-al-hospital-santa-rosa\/","title":{"rendered":"Un concejal tom\u00f3 la posta en Chajar\u00ed: donar\u00e1 la mitad de su dieta al Hospital Santa Rosa"},"content":{"rendered":"<p style=\"text-align: center;\"><em><strong>De la misma manera que, en las \u00faltimas horas, lo han hecho diferentes intendentes y funcionarios del departamento, el concejal de Creer Entre R\u00edos (Frente de Todos) de la ciudad de Chajar\u00ed, Jorge Salvat, decidi\u00f3 destinara el 50 por ciento de su dieta al nosocomio local en el marco de la crisis provocada por la pandemia del coronavirus<\/strong><\/em><\/p>\n<p>&nbsp;<\/p>\n<p>&nbsp;<\/p>\n<p>En la noche del martes, a trav\u00e9s de las redes sociales, el edil chajariense comunic\u00f3 a su comunidad que \u00absiguiendo el ejemplo de nuestro gobernador Gustavo Bordet, de compa\u00f1eros intendentes de la regi\u00f3n y siendo consciente de que la situaci\u00f3n econ\u00f3mica cada vez se torna m\u00e1s compleja para gran parte de la comunidad, es que he decidido donar la mitad mi sueldo como concejal al Hospital Santa Rosa Chajar\u00ed, a trav\u00e9s de su cooperadora, para que puedan hacer frente a las diferentes necesidades o requerimientos producto de la pandemia del coronavirus (covid-19)\u00bb.<\/p>\n<p>De esta manera, el concejal justicialista tom\u00f3 la posta en la \u00abciudad de amigos\u00bb y se convirti\u00f3 en la primera -y \u00fanica por el momento- figura pol\u00edtica en tomar esta medida en medio de la emergencia sanitaria que atraviesa el pa\u00eds debido a la propagaci\u00f3n del Covid-19.<\/p>\n","protected":false},"excerpt":{"rendered":"<p>De la misma manera que, en las \u00faltimas horas, lo han hecho diferentes intendentes y funcionarios del departamento, el concejal de Creer Entre R\u00edos (Frente de Todos) de la ciudad de Chajar\u00ed, Jorge Salvat, decidi\u00f3 destinara el 50 por ciento de su dieta al nosocomio local en el marco de la crisis provocada por la pandemia del coronavirus &nbsp; &nbsp; En la noche del martes, a trav\u00e9s de las redes sociales, el edil chajariense comunic\u00f3 a su comunidad que \u00absiguiendo el ejemplo de nuestro gobernador Gustavo Bordet, de compa\u00f1eros intendentes&#8230;<\/p>\n","protected":false},"author":3,"featured_media":59805,"comment_status":"closed","ping_status":"closed","sticky":false,"template":"","format":"standard","meta":[],"categories":[15],"tags":[],"_links":{"self":[{"href":"https:\/\/www.actualidadadiario.com\/index.php\/wp-json\/wp\/v2\/posts\/59804"}],"collection":[{"href":"https:\/\/www.actualidadadiario.com\/index.php\/wp-json\/wp\/v2\/posts"}],"about":[{"href":"https:\/\/www.actualidadadiario.com\/index.php\/wp-json\/wp\/v2\/types\/post"}],"author":[{"embeddable":true,"href":"https:\/\/www.actualidadadiario.com\/index.php\/wp-json\/wp\/v2\/users\/3"}],"replies":[{"embeddable":true,"href":"https:\/\/www.actualidadadiario.com\/index.php\/wp-json\/wp\/v2\/comments?post=59804"}],"version-history":[{"count":1,"href":"https:\/\/www.actualidadadiario.com\/index.php\/wp-json\/wp\/v2\/posts\/59804\/revisions"}],"predecessor-version":[{"id":59806,"href":"https:\/\/www.actualidadadiario.com\/index.php\/wp-json\/wp\/v2\/posts\/59804\/revisions\/59806"}],"wp:featuredmedia":[{"embeddable":true,"href":"https:\/\/www.actualidadadiario.com\/index.php\/wp-json\/wp\/v2\/media\/59805"}],"wp:attachment":[{"href":"https:\/\/www.actualidadadiario.com\/index.php\/wp-json\/wp\/v2\/media?parent=59804"}],"wp:term":[{"taxonomy":"category","embeddable":true,"href":"https:\/\/www.actualidadadiario.com\/index.php\/wp-json\/wp\/v2\/categories?post=59804"},{"taxonomy":"post_tag","embeddable":true,"href":"https:\/\/www.actualidadadiario.com\/index.php\/wp-json\/wp\/v2\/tags?post=59804"}],"curies":[{"name":"wp","href":"https:\/\/api.w.org\/{rel}","templated":true}]}}