{"id":59801,"date":"2020-04-01T13:38:08","date_gmt":"2020-04-01T16:38:08","guid":{"rendered":"https:\/\/www.actualidadadiario.com\/?p=59801"},"modified":"2020-04-01T13:38:08","modified_gmt":"2020-04-01T16:38:08","slug":"el-tribunal-de-cuentas-integrara-el-fondo-extraordinario-establecido-por-decreto-de-bordet","status":"publish","type":"post","link":"https:\/\/www.actualidadadiario.com\/index.php\/2020\/04\/01\/el-tribunal-de-cuentas-integrara-el-fondo-extraordinario-establecido-por-decreto-de-bordet\/","title":{"rendered":"El Tribunal de Cuentas integrar\u00e1 el fondo extraordinario establecido por Decreto de Bordet"},"content":{"rendered":"<p style=\"text-align: center;\"><em><strong>El Tribunal de Cuentas de Entre R\u00edos (TCER) dispuso mediante resoluci\u00f3n un aporte individual del 50% del sueldo b\u00e1sico, durante el mes de abril, para los funcionarios de ley y jer\u00e1rquicos. Quienes se opongan, deber\u00e1n manifestarlo ante la Secretar\u00eda Contable del organismo. El receso extraordinario por razones sanitarias se prorroga hasta el domingo 12 de abril<\/strong><\/em><\/p>\n<p>&nbsp;<\/p>\n<p>&nbsp;<\/p>\n<p>El Tribunal de Cuentas de la provincia, mediante Resoluci\u00f3n N\u00ba 50\/2020, decidi\u00f3 acompa\u00f1ar la medida tomada por el Poder Ejecutivo en el decreto 486 del M.E.H.F.; y asimismo adherir a lo establecido por el punto Segundo del Acuerdo del Superior Tribunal de Justicia de la provincia, de fecha 30 de marzo del corriente a\u00f1o, en lo que resulta compatible con la organizaci\u00f3n, cargos y categor\u00edas existentes en el organismo de control.<\/p>\n<p>En este sentido, se dispuso un aporte individual del 50% del sueldo b\u00e1sico del mes de abril, para los funcionarios de ley y jer\u00e1rquicos. Esto es, Vocales, Fiscales de Cuentas, Secretarios Letrado y Contable Adjuntos, Asesor Jur\u00eddico, Secretarios de Vocal\u00eda, de Fiscal\u00eda, de Comunicaci\u00f3n Institucional, Jefe del Cuerpo de Auditores y de las \u00c1reas de la referida dependencia.<\/p>\n<p>Los funcionarios que no est\u00e9n de acuerdo con realizar este aporte individual y solidario, podr\u00e1n manifestarlo ante la Secretar\u00eda Contable del organismo, hasta el pr\u00f3ximo martes 7 de abril.<\/p>\n<p>Tambi\u00e9n, en la Resoluci\u00f3n, se invita a los jubilados de las categor\u00edas incluidas a adherirse al aporte establecido.<\/p>\n<p>&nbsp;<\/p>\n<p><strong>Pr\u00f3rroga del Receso Extraordinario<\/strong><\/p>\n<p>Adem\u00e1s, en consonancia con la cuarentena extendida por el Gobierno nacional y a la que adhiri\u00f3 la Provincia, mediante Resoluci\u00f3n N\u00ba 49\/2020 el Tribunal de Cuentas de Entre R\u00edos dispuso prorrogar el receso extraordinario por razones sanitarias en el \u00e1mbito del organismo, hasta el domingo 12 de abril, en cuyo per\u00edodo se suspenden plazos procesales y administrativos, salvo habilitaci\u00f3n expresa, motivada por asuntos cuyo tratamiento no admita dilaci\u00f3n.<\/p>\n","protected":false},"excerpt":{"rendered":"<p>El Tribunal de Cuentas de Entre R\u00edos (TCER) dispuso mediante resoluci\u00f3n un aporte individual del 50% del sueldo b\u00e1sico, durante el mes de abril, para los funcionarios de ley y jer\u00e1rquicos. Quienes se opongan, deber\u00e1n manifestarlo ante la Secretar\u00eda Contable del organismo. El receso extraordinario por razones sanitarias se prorroga hasta el domingo 12 de abril &nbsp; &nbsp; El Tribunal de Cuentas de la provincia, mediante Resoluci\u00f3n N\u00ba 50\/2020, decidi\u00f3 acompa\u00f1ar la medida tomada por el Poder Ejecutivo en el decreto 486 del M.E.H.F.; y asimismo adherir a lo establecido&#8230;<\/p>\n","protected":false},"author":3,"featured_media":59802,"comment_status":"closed","ping_status":"closed","sticky":false,"template":"","format":"standard","meta":[],"categories":[15],"tags":[],"_links":{"self":[{"href":"https:\/\/www.actualidadadiario.com\/index.php\/wp-json\/wp\/v2\/posts\/59801"}],"collection":[{"href":"https:\/\/www.actualidadadiario.com\/index.php\/wp-json\/wp\/v2\/posts"}],"about":[{"href":"https:\/\/www.actualidadadiario.com\/index.php\/wp-json\/wp\/v2\/types\/post"}],"author":[{"embeddable":true,"href":"https:\/\/www.actualidadadiario.com\/index.php\/wp-json\/wp\/v2\/users\/3"}],"replies":[{"embeddable":true,"href":"https:\/\/www.actualidadadiario.com\/index.php\/wp-json\/wp\/v2\/comments?post=59801"}],"version-history":[{"count":1,"href":"https:\/\/www.actualidadadiario.com\/index.php\/wp-json\/wp\/v2\/posts\/59801\/revisions"}],"predecessor-version":[{"id":59803,"href":"https:\/\/www.actualidadadiario.com\/index.php\/wp-json\/wp\/v2\/posts\/59801\/revisions\/59803"}],"wp:featuredmedia":[{"embeddable":true,"href":"https:\/\/www.actualidadadiario.com\/index.php\/wp-json\/wp\/v2\/media\/59802"}],"wp:attachment":[{"href":"https:\/\/www.actualidadadiario.com\/index.php\/wp-json\/wp\/v2\/media?parent=59801"}],"wp:term":[{"taxonomy":"category","embeddable":true,"href":"https:\/\/www.actualidadadiario.com\/index.php\/wp-json\/wp\/v2\/categories?post=59801"},{"taxonomy":"post_tag","embeddable":true,"href":"https:\/\/www.actualidadadiario.com\/index.php\/wp-json\/wp\/v2\/tags?post=59801"}],"curies":[{"name":"wp","href":"https:\/\/api.w.org\/{rel}","templated":true}]}}