{"id":59789,"date":"2020-04-01T13:35:13","date_gmt":"2020-04-01T16:35:13","guid":{"rendered":"https:\/\/www.actualidadadiario.com\/?p=59789"},"modified":"2020-04-01T13:35:13","modified_gmt":"2020-04-01T16:35:13","slug":"el-gobierno-provincial-dispuso-beneficios-fiscales-y-estimulos-para-los-sectores-mas-afectados-por-la-emergencia","status":"publish","type":"post","link":"https:\/\/www.actualidadadiario.com\/index.php\/2020\/04\/01\/el-gobierno-provincial-dispuso-beneficios-fiscales-y-estimulos-para-los-sectores-mas-afectados-por-la-emergencia\/","title":{"rendered":"El gobierno provincial dispuso beneficios fiscales y est\u00edmulos para los sectores m\u00e1s afectados por la emergencia"},"content":{"rendered":"<p style=\"text-align: center;\"><em><strong>El gobierno provincial dio a conocer las medidas de beneficios impositivos y de est\u00edmulos crediticios dispuestos para aliviar la situaci\u00f3n de los sectores m\u00e1s afectados por la pandemia del coronavirus. Habr\u00e1 pr\u00f3rroga de impuestos, financiamiento y suspensi\u00f3n de ejecuciones<\/strong><\/em><\/p>\n<p>&nbsp;<\/p>\n<p>&nbsp;<\/p>\n<p>En el marco de una conferencia de prensa virtual realizada desde la Sala de Periodistas de la Casa Gris, los ministros de Econom\u00eda, Hugo Ballay, y de Producci\u00f3n, Juan Jos\u00e9 Bahillo informaron sobre las medidas dispuestas para aliviar a los sectores productivos, comerciales y de servicios de la econom\u00eda formal que han sido severamente afectados por la cuarentena, ya sea con beneficios mediante prorrogas de los vencimientos de impuestos o est\u00edmulos crediticios para poder sortear la situaci\u00f3n.<\/p>\n<p>En la misma l\u00ednea, se indic\u00f3 que los ingresos de la provincia han ca\u00eddo de gran manera debido a menor recaudaci\u00f3n por falta de actividad econ\u00f3mica, por lo cual se les pidi\u00f3 a los sectores que contin\u00faan con su actividad normal, como los supermercados o cadenas financieras que \u201ccumplan en tiempo y forma con sus obligaciones para poder continuar con el sostenimiento de los servicios esenciales\u201d.<\/p>\n<p>&nbsp;<\/p>\n<p><strong>Medidas econ\u00f3micas<\/strong><\/p>\n<p>Tras agradecer a los vecinos por continuar cumpliendo con la cuarentena y a los trabajadores del estado provincial por su tarea y contribuci\u00f3n en esta situaci\u00f3n, el ministro Ballay indic\u00f3 que el gobierno provincial analiza diariamente la situaci\u00f3n y toma medidas en consecuencia en un contexto muy din\u00e1mico que impone la emergencia sanitaria.<\/p>\n<p>&#8220;Espec\u00edficamente el gobernador Bordet en el \u00e1rea econ\u00f3mica y de producci\u00f3n nos ha pedido que analicemos determinadas medidas. La salud es la prioridad pero tambi\u00e9n somos conscientes de las consecuencias econ\u00f3micas que esta situaci\u00f3n nos trae, y la cuesti\u00f3n econ\u00f3mica tambi\u00e9n la analizamos en funci\u00f3n de las decisiones que ha ido tomando el gobierno nacional&#8221;.<\/p>\n<p>&#8220;Hemos definido con la ATER un esquema para aquellos reg\u00edmenes especiales que apuntan a los de menores recursos e ingresos&#8221;.<\/p>\n<p>Por eso, es que definimos en el caso de los monotributos provinciales del sistema simplificado eximir a 35.000 contribuyentes que est\u00e1n dentro de la categor\u00eda A y B en el periodo de las restricciones para poder desarrollar actividades&#8221;.<\/p>\n<p>Tambi\u00e9n &#8220;decidimos postergar incrementos que previstos para este r\u00e9gimen y algunas otras tasas retributivas que iban a tener un incremento a partir del primero de abril. Se van a sostener valores que vienen del a\u00f1o 2019 y este incremento se prorroga al mes de junio del presente a\u00f1o&#8221;.<\/p>\n<p>Por otro lado, se dispuso tambi\u00e9n que &#8220;todos los vencimientos del 17 de marzo al 31 de marzo de los distintos impuestos, agentes de retenci\u00f3n de percepciones, impuesto de sellos , ingresos brutos, todos los pagos de los vencimientos de esta fecha que se realicen antes del 30 de junio van a ser exceptuados de todos los recargos, ll\u00e1mese multa, intereses resarcitorios, porque entendemos que muchas veces existe posibilidad de pago pero la imposibilidad material de hacerlo independientemente que todos los canales inform\u00e1ticos de ATER y de las forma de realizar los pagos siguen vigentes&#8221;.<\/p>\n<p>Ballay agreg\u00f3 que &#8220;en una tarea que realizamos en conjunto con el ministerio de producci\u00f3n es considerar aquellas actividades que realmente son las que han resentido su actividad, como el turismo que involucra, hoteles, restaurantes, complejos termales y dem\u00e1s. Estamos analizando una pr\u00f3rroga, tanto de los aportes patronales a la Ley 4035 como del Impuesto a los Ingresos Brutos.<\/p>\n<p>&#8220;Queremos ser muy prudentes y realmente llegar a estos sectores\u201d. Al sector financiero, supermercados y dem\u00e1s que hoy est\u00e1n funcionando normalmente y hasta veces por encima de lo que era el funcionamiento normal, les vamos a pedir que cumplan en tiempo y forma, porque ah\u00ed viene el equilibrio que tenemos que tener quienes administramos las finanzas del Estado para, teniendo menor recaudaci\u00f3n, poder sostener los servicios esenciales que hoy est\u00e1n trabajando las 24 horas, como son dependencias del Ministerio de Salud y de seguridad\u201d.<\/p>\n<p>En cuanto al Impuesto Inmobiliario Rural, cuyo vencimiento estaba previsto para abril, que se ha postergado a mayo. \u201cPara este impuesto habitualmente se determinan los valores en base a c\u00e1lculos que ponemos a discusi\u00f3n habitualmente con la Mesa de Enlace, pero entendemos que no es momento de hacer este tipo de reuniones y por eso la provincia va a hacer este esfuerzo financiero de postergar el vencimiento\u201d.<\/p>\n<p>Por \u00faltimo, aclar\u00f3 que &#8220;estas son las primeras medidas que iremos dando a conocer, estamos en un esquema muy din\u00e1mico que estamos analizando a diario y lo que hoy podamos expresar, a las medidas que hoy podamos tomar y a la recepci\u00f3n que vamos a tener de todos los organismos gremiales, de las empresas, la Uni\u00f3n Industrial, el Consejo Empresario, los comerciantes, seguramente con su aporte estaremos dispuestos a mejorarlas y llegar a todos los sectores que ven m\u00e1s afectada su actividad econ\u00f3mica&#8221;.<\/p>\n<p>&nbsp;<\/p>\n<p><strong>Apoyo a sectores productivos<\/strong><\/p>\n<p>Por su parte, el ministro de Producci\u00f3n, Turismo y Desarrollo Econ\u00f3mico, Juan Jos\u00e9 Bahillo, inform\u00f3, en primer lugar, la comunicaci\u00f3n permanente con las C\u00e1maras empresarias de los distintos sectores econ\u00f3micos de la provincia, como as\u00ed tambi\u00e9n analizando casos puntuales.<\/p>\n<p>\u201cEst\u00e1 claro que lo prioritario para nuestras Pymes y tambi\u00e9n para el gobierno provincial es el pago de los salarios de los trabajadores. Estamos gestionando en forma permanente con las autoridades del gobierno nacional para facilitar algunas herramientas para apoyar a los sectores productivos\u201d, afirm\u00f3 Bahillo.<\/p>\n<p>\u201cDesde el Ministerio vamos a ayudar en todos los tr\u00e1mites que sean necesarios y lograr que las medidas dispuestas por el gobierno nacional lleguen en forma r\u00e1pida\u201d, destac\u00f3.<\/p>\n<p>El titular de la cartera productiva provincial detall\u00f3 las medidas nacionales y provinciales que ya est\u00e1n disponibles:<\/p>\n<p>Plan de Recuperaci\u00f3n Productiva (Repro), para el pago de salarios en empresas en crisis, orientado a Pymes con hasta 25 empleados.<\/p>\n<p>Dicho esto, enumer\u00f3 que el gobierno nacional dispuso un financiamiento bancario por 350 mil millones de pesos que se trata de cr\u00e9ditos blandos para garantizar la producci\u00f3n, abastecimiento y los insumos b\u00e1sicos. &#8220;Hay una l\u00ednea por 320 mil millones de pesos que permitir\u00e1 proveer de capital de trabajo a las empresas con un plazo de pago de 180 d\u00edas con una tasa anual de 26 por ciento&#8221;, precis\u00f3.<\/p>\n<p>\u201cBahillo destac\u00f3 que desde el Banco Naci\u00f3n se implement\u00f3 una l\u00ednea de cr\u00e9dito de 25 mil millones de pesos, a tasa diferencial, para productos y alimentos de higiene personal y limpieza, y productores de insumos m\u00e9dicos&#8221;.<\/p>\n<p>\u201cOtras de las medidas tomadas por Naci\u00f3n es la suspensi\u00f3n del cierre de las cuentas bancarias y el cobro de multas ante la imposibilidad de cobro ante la abrupta interrupci\u00f3n de la actividad comercial, de cubrir los cheques de las empresas. No se preceder\u00e1 al cierre de cuentas bancarias ni al cobro de multas&#8221;, insisti\u00f3.<\/p>\n<p>Indic\u00f3 luego que hay una pr\u00f3rroga del r\u00e9gimen de regularizaci\u00f3n de las deudas ante la AFIP que tienen las empresas. &#8220;Era una moratoria que estaba ya muy desarrollada y que se venc\u00eda el plazo de acogimiento el 31 de marzo. Se prorrog\u00f3 el plazo para acogerse a la misma hasta el 30 de junio&#8221;, inform\u00f3. Tambi\u00e9n se prorrogaron los subsidios que se conocen como subsidios por desempleo. &#8220;Venc\u00edan entre el 1 de febrero y el 30 de abril. Estos se seguir\u00e1n cobrando hasta el 31 de mayo. En principio, seg\u00fan la Resoluci\u00f3n 260\/2020&#8221;, detall\u00f3.<\/p>\n<p>En materia de consumo, Bahillo coment\u00f3 que el gobierno nacional adopt\u00f3 diversas medidas como la aplicaci\u00f3n de la Ley de abastecimiento, una pol\u00edtica de precios m\u00e1ximo para 2.500 art\u00edculos que &#8220;se est\u00e1n siguiendo y controlando muy de cerca desde la Direcci\u00f3n de Defensa del Consumidor del Ministerio de Producci\u00f3n de la provincia&#8221;; se suspendieron embargos y ejecuciones fiscales de parte de la AFIP hasta el 30 de abril. Esta es la Resoluci\u00f3n general 4684; tambi\u00e9n se ampliaron los beneficios, planes y cuotas de los planes de pago de AFIP a trav\u00e9s de la Resoluci\u00f3n 4683 y el gobierno nacional ha emitido el decreto 311\/20 por el cual se suspende el corte de servicios p\u00fablicos: el suministro el\u00e9ctrico, de gas, telefon\u00eda e Internet.<\/p>\n<p>Bahillo indic\u00f3 que &#8220;otra de las medidas tomadas por el gobierno nacional que impacta en la econom\u00eda es el congelamiento de la cuota mensual de los cr\u00e9ditos hipotecarios que recaigan sobre inmuebles destinados a vivienda \u00fanica, estos se congelan con el importe de la cuota vigente al mes de marzo, por el decreto 319\/20&#8221;.<\/p>\n<p>Otro punto que detall\u00f3 es el de la suspensi\u00f3n de desalojo, pr\u00f3rroga de contratos de locaci\u00f3n y congelamiento de precios de alquileres hasta el 30 de septiembre del corriente a\u00f1o, por decreto 320\/20, &#8220;y si bien comprende ocho puntos, a nosotros nos gustar\u00eda destacar cuatro de ellos que para nuestra realidad y trama productiva son muy importantes, porque se suspende el desalojo y se prorrogan los contratos de los inmuebles rurales destinados a peque\u00f1as producciones familiares y producciones regionales, lo que comprende concretamente a la agricultura familiar, que hacen sustento de muchas familias de nuestra provincia&#8221;.<\/p>\n<p>Tambi\u00e9n &#8220;de inmuebles alquilados a personas adheridas al r\u00e9gimen de monotributo, esto comprende a las micro pymes que van a tener garantizado el lugar donde desarrollan sus actividades, al igual que las micro, peque\u00f1as y medianas empresas&#8221;, apunt\u00f3.<\/p>\n<p>Dijo adem\u00e1s que &#8220;esta suspensi\u00f3n de desalojo y pr\u00f3rroga de contrato y congelamiento de precios comprende a los inmuebles alquilados por cooperativas de trabajo, o empresas recuperadas inscritas en el Instituto Nacional de Asociativismo y Econom\u00eda Social (Inaes). Esta es una parte muy importante de nuestra econom\u00eda social porque las cooperativas son un motor importante en la realidad econ\u00f3mica de la provincia y est\u00e1n protegidas en este decreto&#8221;.<\/p>\n<p>En cuanto a gestiones que hemos hecho desde el Ministerio de Producci\u00f3n en conjunto con el de Econom\u00eda hemos desarrollado una l\u00ednea de cr\u00e9ditos para el sector tur\u00edstico, de un monto total de 30 millones de pesos por montos de hasta 300.000 a sola firma con per\u00edodo de gracia de un a\u00f1o y devoluci\u00f3n a tres a\u00f1os para capital de trabajo, estrictamente para el sector de turismo. El capital de trabajo comprende la posibilidad de afrontar gastos de electricidad, suministro de gas, alquiler, personal, en complementaci\u00f3n con otras l\u00edneas que estamos gestionando del gobierno nacional para el pago de salarios&#8221;.<\/p>\n<p>Por otra parte &#8220;hemos tomado la decisi\u00f3n de eximir por 90 d\u00edas el pago a los complejos termales del canon termal que pagan ante el Ente Regulador de Termas&#8221;. Y se est\u00e1 gestionando ante el CFI una aplazamiento para el pago de los cr\u00e9ditos otorgados en la provincia, para los cr\u00e9ditos que est\u00e1n en el per\u00edodo de gracia estamos gestionando una pr\u00f3rroga de ese per\u00edodo de gracia por seis meses y los cr\u00e9ditos que ya est\u00e1n en amortizaci\u00f3n, estamos gestionando un a\u00f1o m\u00e1s de pr\u00f3rroga para la amortizaci\u00f3n de los mismos&#8221;.<\/p>\n<p>Remarc\u00f3 que &#8220;estamos en permanente comunicaci\u00f3n con el Ministerio de Trabajo, el de Econom\u00eda y el de Desarrollo Productivo de la Naci\u00f3n, trasladando la problem\u00e1tica, que nosotros sabemos est\u00e1n teniendo los sectores de la econom\u00eda provincial en estos momentos, priorizando en estas gestiones todas las l\u00edneas de trabajo que promuevan o que desarrollen programas que nos permitan asistir a las empresas en el pago de sueldos y salarios tanto del mes de marzo como del mes de abril, si la situaci\u00f3n actual de salud se prolonga en el tiempo&#8221;.<\/p>\n","protected":false},"excerpt":{"rendered":"<p>El gobierno provincial dio a conocer las medidas de beneficios impositivos y de est\u00edmulos crediticios dispuestos para aliviar la situaci\u00f3n de los sectores m\u00e1s afectados por la pandemia del coronavirus. Habr\u00e1 pr\u00f3rroga de impuestos, financiamiento y suspensi\u00f3n de ejecuciones &nbsp; &nbsp; En el marco de una conferencia de prensa virtual realizada desde la Sala de Periodistas de la Casa Gris, los ministros de Econom\u00eda, Hugo Ballay, y de Producci\u00f3n, Juan Jos\u00e9 Bahillo informaron sobre las medidas dispuestas para aliviar a los sectores productivos, comerciales y de servicios de la econom\u00eda&#8230;<\/p>\n","protected":false},"author":3,"featured_media":59790,"comment_status":"closed","ping_status":"closed","sticky":false,"template":"","format":"standard","meta":[],"categories":[9],"tags":[],"_links":{"self":[{"href":"https:\/\/www.actualidadadiario.com\/index.php\/wp-json\/wp\/v2\/posts\/59789"}],"collection":[{"href":"https:\/\/www.actualidadadiario.com\/index.php\/wp-json\/wp\/v2\/posts"}],"about":[{"href":"https:\/\/www.actualidadadiario.com\/index.php\/wp-json\/wp\/v2\/types\/post"}],"author":[{"embeddable":true,"href":"https:\/\/www.actualidadadiario.com\/index.php\/wp-json\/wp\/v2\/users\/3"}],"replies":[{"embeddable":true,"href":"https:\/\/www.actualidadadiario.com\/index.php\/wp-json\/wp\/v2\/comments?post=59789"}],"version-history":[{"count":1,"href":"https:\/\/www.actualidadadiario.com\/index.php\/wp-json\/wp\/v2\/posts\/59789\/revisions"}],"predecessor-version":[{"id":59791,"href":"https:\/\/www.actualidadadiario.com\/index.php\/wp-json\/wp\/v2\/posts\/59789\/revisions\/59791"}],"wp:featuredmedia":[{"embeddable":true,"href":"https:\/\/www.actualidadadiario.com\/index.php\/wp-json\/wp\/v2\/media\/59790"}],"wp:attachment":[{"href":"https:\/\/www.actualidadadiario.com\/index.php\/wp-json\/wp\/v2\/media?parent=59789"}],"wp:term":[{"taxonomy":"category","embeddable":true,"href":"https:\/\/www.actualidadadiario.com\/index.php\/wp-json\/wp\/v2\/categories?post=59789"},{"taxonomy":"post_tag","embeddable":true,"href":"https:\/\/www.actualidadadiario.com\/index.php\/wp-json\/wp\/v2\/tags?post=59789"}],"curies":[{"name":"wp","href":"https:\/\/api.w.org\/{rel}","templated":true}]}}