{"id":59782,"date":"2020-03-31T13:02:09","date_gmt":"2020-03-31T16:02:09","guid":{"rendered":"https:\/\/www.actualidadadiario.com\/?p=59782"},"modified":"2020-03-31T13:02:09","modified_gmt":"2020-03-31T16:02:09","slug":"victimas-de-violencia-de-genero-podran-pedir-asistencia-en-farmacias","status":"publish","type":"post","link":"https:\/\/www.actualidadadiario.com\/index.php\/2020\/03\/31\/victimas-de-violencia-de-genero-podran-pedir-asistencia-en-farmacias\/","title":{"rendered":"V\u00edctimas de violencia de g\u00e9nero podr\u00e1n pedir asistencia en farmacias"},"content":{"rendered":"<p style=\"text-align: center;\"><em><strong>Cuando una persona pida un barbijo rojo, el personal de la farmacia comprender\u00e1 que se trata de una situaci\u00f3n de violencia por motivos de g\u00e9nero y gestionar\u00e1 una comunicaci\u00f3n con la l\u00ednea 144<\/strong><\/em><\/p>\n<p>&nbsp;<\/p>\n<p>&nbsp;<\/p>\n<p>El Ministerio de Mujeres, G\u00e9neros y Diversidad de la Naci\u00f3n (MMGyD) y la Confederaci\u00f3n Farmac\u00e9utica Argentina (COFA) firmaron un acuerdo por el cual las personas en situaci\u00f3n de violencia de g\u00e9nero podr\u00e1n pedir asistencia a la l\u00ednea 144 en las farmacias de todo el pa\u00eds. La iniciativa tiene lugar en el marco de la pandemia de coronavirus y regir\u00e1 desde el 1\u00b0 de abril.<\/p>\n<p>Cuando una persona pida un barbijo rojo, el personal de la farmacia comprender\u00e1 que se trata de una situaci\u00f3n de violencia por motivos de g\u00e9nero y gestionar\u00e1 una comunicaci\u00f3n con la l\u00ednea 144.<\/p>\n<p>Ante la solicitud del barbijo rojo, los empleados farmac\u00e9uticos responder\u00e1n que a\u00fan no tienen el producto y solicitar\u00e1n algunos datos (nombre, apellido, tel\u00e9fono, direcci\u00f3n, fecha y tipo de pedido -si es personal o para otro\/a-) bajo pretexto de acerc\u00e1rselo en cuanto se encuentre disponible. En caso que el pedido sea personal, tambi\u00e9n se podr\u00e1 tomar nota de los datos de contacto de una persona de su c\u00edrculo de confianza.<\/p>\n<p>As\u00ed, una vez registrados los datos, desde la farmacia se comunicar\u00e1n con la l\u00ednea 144 a fin de dar a conocer los datos precisos de la persona en situaci\u00f3n de violencia y se le brindar\u00e1 asesoramiento en caso de que la persona se vuelva a presentar en la farmacia.<\/p>\n<p>En caso que una persona asista a la farmacia con signos f\u00edsicos o psicol\u00f3gicos visibles de atravesar una situaci\u00f3n de violencia por razones de g\u00e9nero, el personal de la farmacia se comunicar\u00e1 con la l\u00ednea 144 para asesorarse por si la persona recurre nuevamente al comercio.<\/p>\n<p>Desde la l\u00ednea 144 se contactar\u00e1n con la persona que refiri\u00f3 estar en una situaci\u00f3n de violencia de g\u00e9nero, a trav\u00e9s del pedido del \u201cbarbijo rojo\u201d. De este modo, desde la l\u00ednea se brindar\u00e1 contenci\u00f3n, informaci\u00f3n y asesoramiento.<\/p>\n","protected":false},"excerpt":{"rendered":"<p>Cuando una persona pida un barbijo rojo, el personal de la farmacia comprender\u00e1 que se trata de una situaci\u00f3n de violencia por motivos de g\u00e9nero y gestionar\u00e1 una comunicaci\u00f3n con la l\u00ednea 144 &nbsp; &nbsp; El Ministerio de Mujeres, G\u00e9neros y Diversidad de la Naci\u00f3n (MMGyD) y la Confederaci\u00f3n Farmac\u00e9utica Argentina (COFA) firmaron un acuerdo por el cual las personas en situaci\u00f3n de violencia de g\u00e9nero podr\u00e1n pedir asistencia a la l\u00ednea 144 en las farmacias de todo el pa\u00eds. La iniciativa tiene lugar en el marco de la pandemia&#8230;<\/p>\n","protected":false},"author":3,"featured_media":59783,"comment_status":"closed","ping_status":"closed","sticky":false,"template":"","format":"standard","meta":[],"categories":[4],"tags":[],"_links":{"self":[{"href":"https:\/\/www.actualidadadiario.com\/index.php\/wp-json\/wp\/v2\/posts\/59782"}],"collection":[{"href":"https:\/\/www.actualidadadiario.com\/index.php\/wp-json\/wp\/v2\/posts"}],"about":[{"href":"https:\/\/www.actualidadadiario.com\/index.php\/wp-json\/wp\/v2\/types\/post"}],"author":[{"embeddable":true,"href":"https:\/\/www.actualidadadiario.com\/index.php\/wp-json\/wp\/v2\/users\/3"}],"replies":[{"embeddable":true,"href":"https:\/\/www.actualidadadiario.com\/index.php\/wp-json\/wp\/v2\/comments?post=59782"}],"version-history":[{"count":1,"href":"https:\/\/www.actualidadadiario.com\/index.php\/wp-json\/wp\/v2\/posts\/59782\/revisions"}],"predecessor-version":[{"id":59784,"href":"https:\/\/www.actualidadadiario.com\/index.php\/wp-json\/wp\/v2\/posts\/59782\/revisions\/59784"}],"wp:featuredmedia":[{"embeddable":true,"href":"https:\/\/www.actualidadadiario.com\/index.php\/wp-json\/wp\/v2\/media\/59783"}],"wp:attachment":[{"href":"https:\/\/www.actualidadadiario.com\/index.php\/wp-json\/wp\/v2\/media?parent=59782"}],"wp:term":[{"taxonomy":"category","embeddable":true,"href":"https:\/\/www.actualidadadiario.com\/index.php\/wp-json\/wp\/v2\/categories?post=59782"},{"taxonomy":"post_tag","embeddable":true,"href":"https:\/\/www.actualidadadiario.com\/index.php\/wp-json\/wp\/v2\/tags?post=59782"}],"curies":[{"name":"wp","href":"https:\/\/api.w.org\/{rel}","templated":true}]}}