{"id":59780,"date":"2020-03-31T13:00:35","date_gmt":"2020-03-31T16:00:35","guid":{"rendered":"https:\/\/www.actualidadadiario.com\/?p=59780"},"modified":"2020-03-31T13:00:35","modified_gmt":"2020-03-31T16:00:35","slug":"ciego-bolsonaro-se-lanza-a-toda-velocidad-hacia-el-muro-sanitario-y-politico-del-covid-19","status":"publish","type":"post","link":"https:\/\/www.actualidadadiario.com\/index.php\/2020\/03\/31\/ciego-bolsonaro-se-lanza-a-toda-velocidad-hacia-el-muro-sanitario-y-politico-del-covid-19\/","title":{"rendered":"Ciego, Bolsonaro se lanza a toda velocidad hacia el muro sanitario y pol\u00edtico del Covid-19"},"content":{"rendered":"<p style=\"text-align: center;\"><em><strong>El pa\u00eds es un hervidero de rumores, que van del juicio pol\u00edtico a la inquietud militar. El peso de una ideolog\u00eda ultra y anticient\u00edfica. Un mal c\u00e1lculo. La poblaci\u00f3n se siente desamparada por su presidente<\/strong><\/em><\/p>\n<p>&nbsp;<\/p>\n<p>Se lo advierten la comunidad cient\u00edfica, todos los gobernadores, los alcaldes de las ciudades m\u00e1s importantes, miembros de su gabinete, sus aliados militares y, sobre todo, la realidad. El drama de la pandemia de Covid-19 amenaza con escribir en Brasil un cap\u00edtulo especialmente doloroso, pero el presidente Jair Bolsonaro escala en una guerra contra todos que hipoteca pesadamente su futuro pol\u00edtico.<\/p>\n<p>El mandatario de ultraderecha afirma en que el mejor modo de tratar la emergencia es evitar las cuarentenas masivas e imponer lo que llama \u201caislamiento vertical\u201d: que solo que queden en casa los ancianos y miembros de otros grupos de riesgo, mientras los estudiantes y los trabajadores salen a la calle con normalidad. En medio de una soledad pol\u00edtica brutal, afirma que su objetivo es evitar que la econom\u00eda caiga en una recesi\u00f3n grave y que se destruyan millones de puestos de trabajo. El punto es m\u00e1s que respetable, pero cabe recordar que las encuestas previas a la saga del coronavirus mostraban que la falta de resultados econ\u00f3micos, su principal fuente de legitimaci\u00f3n, comenzaba a pasarle la factura.<\/p>\n<p>El hombre insiste en que el Covid-19 es una \u201cgripecita\u201d o un \u201cresfriadito\u201d y que los brasile\u00f1os tienen la particularidad de no contagiarse de nada \u201caunque metan la cabeza en una alcantarilla\u201d. Vaya porf\u00eda.<\/p>\n<p>El analista pol\u00edtico y profesor de la Universidad Cat\u00f3lica de Brasilia, Creomar de Souza, dijo que, \u201cal negar los efectos de la pandemia, Bolsonaro genera much\u00edsima confusi\u00f3n en la sociedad. Por un lado, el ministro de Salud P\u00fablica, Luiz Henrique Mandetta, est\u00e1 muy involucrado en las acciones de prevenci\u00f3n pero, por el otro, el presidente niega continuamente la evidencia cient\u00edfica\u201d.<\/p>\n<p>Su estrategia y argumentos son id\u00e9nticos a los de otros l\u00edderes de la nueva ultraderecha internacional, como el brit\u00e1nico Boris Johnson y el estadounidense Donald Trump, invariablemente al\u00e9rgicos al pensamiento cient\u00edfico. Solo que aquellos, sobre todo el campe\u00f3n del brexit, ya retrocedieron en ojotas cuando el agua les subi\u00f3 hasta el cuello. El brasile\u00f1o, en cambio, hace de la necedad su bandera.<\/p>\n<p>Algunas voces, sobre todo en la izquierda, comienzan a hablar de un impeachment basado en una supuesta incapacidad mental del jefe de Estado. Sin embargo, lo suyo parece responder m\u00e1s bien a un c\u00e1lculo pol\u00edtico fallido, inspirado por su c\u00edrculo m\u00e1s \u00edntimo, la llamada a la ideol\u00f3gica de su Gobierno. Esta, que se referencia en el ensayista y astr\u00f3logo de ultraderecha Olavo de Carvalho, incluye a sus hijos Eduardo y Fl\u00e1vio, al canciller Ernesto Ara\u00fajo y al asesor de pol\u00edtica internacional Filipe Martins. Estos son quienes encapsulan al excapit\u00e1n.<\/p>\n<p>Una encuesta difundida la semana pasada por el instituto Ibope indic\u00f3 que en San Pablo, estado que supo ser basti\u00f3n del bolsonarismo en las elecciones de 2018, el apoyo al jefe de Estado se recort\u00f3 al 25%, mientras que el rechazo se empin\u00f3 al 48%. Si Bolsonaro necesita algo m\u00e1s para constatar que est\u00e1 en problemas, los atronadores cacerolazos que miles de brasile\u00f1os ensayan cada noche desde sus balcones en las principales ciudades del pa\u00eds casi podr\u00edan considerarse focus groups.<\/p>\n<p>\u201cEl 50% de los brasile\u00f1os desaprueba la actitud del presidente en la crisis\u201d, confirm\u00f3 De Souza con datos nacionales en la mano.<\/p>\n<p>&nbsp;<\/p>\n<p><strong>\u00bfCu\u00e1l ser\u00eda, entonces, el c\u00e1lculo pol\u00edtico de Bolsonaro en medio de este drama?<\/strong><\/p>\n<p>Creomar de Souza explic\u00f3 que, alentado por su ala ideol\u00f3gica familiar, el mandatario \u201capuesta al juego de la confrontaci\u00f3n pol\u00edtica, pero encuentra una enorme dificultad para construir una narrativa que le permita negar la realidad del creciente n\u00famero de casos (de coronavirus) en Brasil. Entonces, aislado del Congreso y hasta del Poder Judicial, su \u00faltima carta es crear un lazo m\u00e1s fuerte con sus simpatizantes en las calles\u201d.<\/p>\n<p>\u201cEl presidente persigue dos objetivos pol\u00edticos: rearticular y dar nueva energ\u00eda a su base social en un momento de incertidumbre y angustia, cuando una parte de sus electores comenzaba a demostrar una inclinaci\u00f3n a abandonarlo, y direccionar hacia los gobernadores y alcaldes [quienes imponen medidas de cuarentena draconianas] la responsabilidad por una recesi\u00f3n que la calamidad volver\u00e1 inevitable\u201d, coincidi\u00f3, por su parte, el analista pol\u00edtico basado en Brasilia, Paulo Kramer.<\/p>\n<p>\u201cPasado el efecto de esta guerra de narrativas, la cuesti\u00f3n que sellar\u00e1 el futuro pol\u00edtico y electoral es qui\u00e9n emerger\u00e1 de la calamidad cargando en sus espaldas el menor n\u00famero de cad\u00e1veres, ya sea de muertos al contado por coronavirus o de muertos a plazo fijo por la paralizaci\u00f3n de la econom\u00eda\u201d, a\u00f1adi\u00f3, crudo, Kramer.<\/p>\n<p>El escenario es ominoso y el problema es que la situaci\u00f3n amenaza con descontrolarse en lo sanitario, el terreno en el que Bolsonaro m\u00e1s resbala.<\/p>\n<p>\u201cMuchos expertos en epidemiolog\u00eda perciben que la situaci\u00f3n puede salirse de control en las pr\u00f3ximas dos o tres semanas\u201d, relat\u00f3 De Souza. Por lo pronto, solo entre el domingo y ayer, el n\u00famero de decesos salt\u00f3 de 136 a 159.<\/p>\n<p>\u201cEn tanto no construyamos aqu\u00ed un proceso de mayor consenso pol\u00edtico, algo que pasa directamente por la funci\u00f3n del presidente, vamos a seguir inmersos en una situaci\u00f3n peligrosa\u201d, dijo el analista de la Universidad de Brasilia. Por lo que se ve, en Brasil escasea lo que, afortunadamente, por ahora sobra en la Argentina.<\/p>\n<p>El pa\u00eds vecino es un hervidero de versiones. Por un lado, sobre la posibilidad de que los partidos de la oposici\u00f3n pongan en marcha en las pr\u00f3ximas semanas alg\u00fan proceso de impeachment como el que empuj\u00f3 en 2016 Bolsonaro para echar a Dilma Rousseff. Por otro lado, surgen versiones de malestar militar, planteado al parecer por oficiales con mando de tropa a los referentes del sector en el Gobierno, comenzando por el vicepresidente Hamilton Mour\u00e3o.<\/p>\n<p>El runr\u00fan es elocuente en s\u00ed mismo, pero la situaci\u00f3n no parece madura para ninguno de esos extremos.<\/p>\n<p>\u201cA\u00fan no aparecen las condiciones para la construcci\u00f3n de un impeachment, pero s\u00ed se advierten claramente dos movimientos: el presidente est\u00e1 aislado y, aunque las Fuerzas Armadas est\u00e1n comprometidas con la Constituci\u00f3n y las instituciones, su rol ser\u00e1 cada vez m\u00e1s importante para el futuro pol\u00edtico de Brasil\u201d, explic\u00f3 Creomar de Souza.<\/p>\n<p>Retomemos, entonces. \u00bfQu\u00e9 pasar\u00eda si se concretara la advertencia que el ministro Mandetta, bien evaluado por la poblaci\u00f3n por tratar de quitar cada uno de los palos que Bolsonaro pone en la rueda de la prevenci\u00f3n, le hizo en la cara y casi a los gritos el fin de semana?: \u201c\u00bfEstamos preparados para el peor escenario, con camiones del Ej\u00e9rcito llevando cad\u00e1veres por las calles y con todo eso transmitido en vivo por internet?\u201d.<\/p>\n<p>Si los peores pron\u00f3sticos sobre el cap\u00edtulo brasile\u00f1o de la pandemia se concretan, \u201cen determinado momento, Bolsonaro podr\u00eda quedar en una situaci\u00f3n en la que sea se\u00f1alado como el primer responsable de que se produzca un n\u00famero alt\u00edsimo de muertes\u201d, estim\u00f3 De Souza.<\/p>\n<p>El muro est\u00e1 enfrente y el hombre no levanta el pie del acelerador.<\/p>\n","protected":false},"excerpt":{"rendered":"<p>El pa\u00eds es un hervidero de rumores, que van del juicio pol\u00edtico a la inquietud militar. El peso de una ideolog\u00eda ultra y anticient\u00edfica. Un mal c\u00e1lculo. La poblaci\u00f3n se siente desamparada por su presidente &nbsp; Se lo advierten la comunidad cient\u00edfica, todos los gobernadores, los alcaldes de las ciudades m\u00e1s importantes, miembros de su gabinete, sus aliados militares y, sobre todo, la realidad. El drama de la pandemia de Covid-19 amenaza con escribir en Brasil un cap\u00edtulo especialmente doloroso, pero el presidente Jair Bolsonaro escala en una guerra contra&#8230;<\/p>\n","protected":false},"author":3,"featured_media":50204,"comment_status":"closed","ping_status":"closed","sticky":false,"template":"","format":"standard","meta":[],"categories":[4],"tags":[],"_links":{"self":[{"href":"https:\/\/www.actualidadadiario.com\/index.php\/wp-json\/wp\/v2\/posts\/59780"}],"collection":[{"href":"https:\/\/www.actualidadadiario.com\/index.php\/wp-json\/wp\/v2\/posts"}],"about":[{"href":"https:\/\/www.actualidadadiario.com\/index.php\/wp-json\/wp\/v2\/types\/post"}],"author":[{"embeddable":true,"href":"https:\/\/www.actualidadadiario.com\/index.php\/wp-json\/wp\/v2\/users\/3"}],"replies":[{"embeddable":true,"href":"https:\/\/www.actualidadadiario.com\/index.php\/wp-json\/wp\/v2\/comments?post=59780"}],"version-history":[{"count":1,"href":"https:\/\/www.actualidadadiario.com\/index.php\/wp-json\/wp\/v2\/posts\/59780\/revisions"}],"predecessor-version":[{"id":59781,"href":"https:\/\/www.actualidadadiario.com\/index.php\/wp-json\/wp\/v2\/posts\/59780\/revisions\/59781"}],"wp:featuredmedia":[{"embeddable":true,"href":"https:\/\/www.actualidadadiario.com\/index.php\/wp-json\/wp\/v2\/media\/50204"}],"wp:attachment":[{"href":"https:\/\/www.actualidadadiario.com\/index.php\/wp-json\/wp\/v2\/media?parent=59780"}],"wp:term":[{"taxonomy":"category","embeddable":true,"href":"https:\/\/www.actualidadadiario.com\/index.php\/wp-json\/wp\/v2\/categories?post=59780"},{"taxonomy":"post_tag","embeddable":true,"href":"https:\/\/www.actualidadadiario.com\/index.php\/wp-json\/wp\/v2\/tags?post=59780"}],"curies":[{"name":"wp","href":"https:\/\/api.w.org\/{rel}","templated":true}]}}