{"id":59773,"date":"2020-03-31T12:58:59","date_gmt":"2020-03-31T15:58:59","guid":{"rendered":"https:\/\/www.actualidadadiario.com\/?p=59773"},"modified":"2020-03-31T12:58:59","modified_gmt":"2020-03-31T15:58:59","slug":"el-papa-teme-un-genocidio-si-se-prioriza-la-economia-en-la-lucha-contra-el-coronavirus","status":"publish","type":"post","link":"https:\/\/www.actualidadadiario.com\/index.php\/2020\/03\/31\/el-papa-teme-un-genocidio-si-se-prioriza-la-economia-en-la-lucha-contra-el-coronavirus\/","title":{"rendered":"El Papa teme un genocidio si se prioriza la econom\u00eda en la lucha contra el coronavirus"},"content":{"rendered":"<p style=\"text-align: center;\"><em><strong>Francisco alert\u00f3 sobre los riesgos de privilegiar la actividad econ\u00f3mica en lugar de la salud de la gente al combatir la pandemia de coronavirus<\/strong><\/em><\/p>\n<p>&nbsp;<\/p>\n<p>&nbsp;<\/p>\n<p>El papa Francisco manifest\u00f3 este lunes su preocupaci\u00f3n por el riesgo de un &#8220;genocidio vir\u00f3sico&#8221; si se decide priorizar la econom\u00eda y no la salud de los pueblos ante la pandemia de coronavirus COVID-19, inform\u00f3 el Vaticano al divulgar una carta que escribi\u00f3 el sumo pont\u00edfice.<\/p>\n<p>En el texto, enviada al juez argentino Andr\u00e9s Gallardo, presidente del Comit\u00e9 Panamericano de Juezas y Jueces por los Derechos Sociales, y parcialmente divulgada por el portal oficial Vatican News, el Papa reflexion\u00f3 sobre la crisis desatada por la propagaci\u00f3n del coronavirus.<\/p>\n<p>Francisco reconoce que muchos pa\u00edses &#8220;tomaron medidas ejemplares con prioridades bien se\u00f1aladas para defender a la poblaci\u00f3n&#8221;, mostrando que &#8220;la prioridad de sus decisiones es primero la gente&#8221;.<\/p>\n<p>&#8220;Y esto es importante porque todos sabemos que defender la gente supone un descalabro econ\u00f3mico. Ser\u00eda triste que se optara por lo contrario, lo cual llevar\u00eda a la muerte a much\u00edsima gente, algo as\u00ed como un genocidio vir\u00f3sico&#8221;, advirti\u00f3 el papa argentino.<\/p>\n<p>Francisco, que en varias ocasiones manifest\u00f3 su preocupaci\u00f3n por las consecuencias sociales de la pandemia de coronavirus, adem\u00e1s de por la p\u00e9rdida de vidas por la p\u00e9rdida de puestos de trabajo, llam\u00f3 a reflexionar &#8220;sobre el ahora y sobre el despu\u00e9s&#8221;.<\/p>\n<p>&#8220;Porque, prepararse para el despu\u00e9s es importante&#8221;, asever\u00f3 el papa, &#8220;ya que se notan algunas consecuencias que deben ser enfrentadas: hambre, sobre todo para las personas sin trabajo fijo, violencia, la aparici\u00f3n de los usureros, la verdadera peste del futuro social, delincuentes deshumanizados&#8221;, recalc\u00f3 el Papa.<\/p>\n<p>Como gesto de su preocupaci\u00f3n por la propagaci\u00f3n del coronavirus, Francisco recibi\u00f3 este lunes en el Vaticano al jefe de gobierno en Italia, Giuseppe Conte, uno de los pa\u00edses m\u00e1s azotados por la pandemia de coronavirus, indic\u00f3 la Santa Sede.<\/p>\n<p>En las im\u00e1genes divulgados por el Vaticano, se puede ver que conversan a debida distancia con el primer ministro, sentados alrededor del escritorio del estudio privado del Papa en el palacio apost\u00f3lico.<\/p>\n<p>Sin el tradicional saludo con apret\u00f3n de manos, Francisco se entrevist\u00f3 por cerca de una hora con Conte en un momento extremamente delicado, cuando Italia registra m\u00e1s de 10.000 muertos por el virus e inicia su cuarta semana de confinamiento.<\/p>\n","protected":false},"excerpt":{"rendered":"<p>Francisco alert\u00f3 sobre los riesgos de privilegiar la actividad econ\u00f3mica en lugar de la salud de la gente al combatir la pandemia de coronavirus &nbsp; &nbsp; El papa Francisco manifest\u00f3 este lunes su preocupaci\u00f3n por el riesgo de un &#8220;genocidio vir\u00f3sico&#8221; si se decide priorizar la econom\u00eda y no la salud de los pueblos ante la pandemia de coronavirus COVID-19, inform\u00f3 el Vaticano al divulgar una carta que escribi\u00f3 el sumo pont\u00edfice. En el texto, enviada al juez argentino Andr\u00e9s Gallardo, presidente del Comit\u00e9 Panamericano de Juezas y Jueces por&#8230;<\/p>\n","protected":false},"author":3,"featured_media":59774,"comment_status":"closed","ping_status":"closed","sticky":false,"template":"","format":"standard","meta":[],"categories":[4],"tags":[],"_links":{"self":[{"href":"https:\/\/www.actualidadadiario.com\/index.php\/wp-json\/wp\/v2\/posts\/59773"}],"collection":[{"href":"https:\/\/www.actualidadadiario.com\/index.php\/wp-json\/wp\/v2\/posts"}],"about":[{"href":"https:\/\/www.actualidadadiario.com\/index.php\/wp-json\/wp\/v2\/types\/post"}],"author":[{"embeddable":true,"href":"https:\/\/www.actualidadadiario.com\/index.php\/wp-json\/wp\/v2\/users\/3"}],"replies":[{"embeddable":true,"href":"https:\/\/www.actualidadadiario.com\/index.php\/wp-json\/wp\/v2\/comments?post=59773"}],"version-history":[{"count":1,"href":"https:\/\/www.actualidadadiario.com\/index.php\/wp-json\/wp\/v2\/posts\/59773\/revisions"}],"predecessor-version":[{"id":59775,"href":"https:\/\/www.actualidadadiario.com\/index.php\/wp-json\/wp\/v2\/posts\/59773\/revisions\/59775"}],"wp:featuredmedia":[{"embeddable":true,"href":"https:\/\/www.actualidadadiario.com\/index.php\/wp-json\/wp\/v2\/media\/59774"}],"wp:attachment":[{"href":"https:\/\/www.actualidadadiario.com\/index.php\/wp-json\/wp\/v2\/media?parent=59773"}],"wp:term":[{"taxonomy":"category","embeddable":true,"href":"https:\/\/www.actualidadadiario.com\/index.php\/wp-json\/wp\/v2\/categories?post=59773"},{"taxonomy":"post_tag","embeddable":true,"href":"https:\/\/www.actualidadadiario.com\/index.php\/wp-json\/wp\/v2\/tags?post=59773"}],"curies":[{"name":"wp","href":"https:\/\/api.w.org\/{rel}","templated":true}]}}