{"id":59767,"date":"2020-03-31T12:57:26","date_gmt":"2020-03-31T15:57:26","guid":{"rendered":"https:\/\/www.actualidadadiario.com\/?p=59767"},"modified":"2020-03-31T12:57:26","modified_gmt":"2020-03-31T15:57:26","slug":"gines-gonzalez-garcia-dialogara-online-con-diputados","status":"publish","type":"post","link":"https:\/\/www.actualidadadiario.com\/index.php\/2020\/03\/31\/gines-gonzalez-garcia-dialogara-online-con-diputados\/","title":{"rendered":"Gin\u00e9s Gonz\u00e1lez Garc\u00eda dialogar\u00e1 online con diputados"},"content":{"rendered":"<p style=\"text-align: center;\"><em><strong>El Ministro de Salud de la Naci\u00f3n, Gin\u00e9s Gonz\u00e1lez Garc\u00eda, mantendr\u00e1 este mi\u00e9rcoles una reuni\u00f3n online con diputados nacionales de distintas comisiones para actualizar las acciones oficiales en plena cuarentena por el coronavirus. La modalidad, comenz\u00f3 hoy con el titular de la cartera educativa, Nicol\u00e1s Trotta<\/strong><\/em><\/p>\n<p>&nbsp;<\/p>\n<p>La jornada iniciar\u00e1 con una teleconferencia prevista para las 16 horas junto al Ministro de Desarrollo Social, Daniel Arroyo; a las 18, ser\u00e1 el turno de Gonz\u00e1lez Garc\u00eda. Las exposiciones de los funcionarios, ser\u00e1n transmitidas a los miembros parlamentarios de las comisiones de Acci\u00f3n Social y Salud P\u00fablica de la C\u00e1mara de Diputados de la Naci\u00f3n.<\/p>\n<p>En ese sentido, se espera que los 35 integrantes se encuentren en l\u00ednea para conocer el estado de la pandemia en el pa\u00eds y realizar luego las preguntas a los funcionarios. \u201cEs muy importante que el Congreso, a pesar de la situaci\u00f3n de aislamiento, siga trabajando. Es una decisi\u00f3n firme del Presidente de la C\u00e1mara (Sergio Massa), compartida por todos los bloques\u201d, explic\u00f3 el titular de la Comisi\u00f3n, Pablo Yedlin.<\/p>\n<p>La modalidad, fue adoptada en respuesta a la situaci\u00f3n de aislamiento social vigente en la Argentina por el coronavirus. De este modo, se espera que el trabajo legislativo contin\u00fae e incluso, el Presidente del cuerpo, anticip\u00f3 que, resguardando las medidas sanitarias, podr\u00eda concretarse una sesi\u00f3n por temas urgentes.<\/p>\n<p>Este lunes, el sistema se estren\u00f3 con la presentaci\u00f3n de Trotta. El principal tema de consulta al Ministro de Educaci\u00f3n fue la suspensi\u00f3n de clases, las alternativas para la continuidad pedag\u00f3gica, los mecanismos utilizados en las zonas m\u00e1s desfavorecidas, entre otros atentos a la cuarentena por 14 d\u00edas m\u00e1s.<\/p>\n","protected":false},"excerpt":{"rendered":"<p>El Ministro de Salud de la Naci\u00f3n, Gin\u00e9s Gonz\u00e1lez Garc\u00eda, mantendr\u00e1 este mi\u00e9rcoles una reuni\u00f3n online con diputados nacionales de distintas comisiones para actualizar las acciones oficiales en plena cuarentena por el coronavirus. La modalidad, comenz\u00f3 hoy con el titular de la cartera educativa, Nicol\u00e1s Trotta &nbsp; La jornada iniciar\u00e1 con una teleconferencia prevista para las 16 horas junto al Ministro de Desarrollo Social, Daniel Arroyo; a las 18, ser\u00e1 el turno de Gonz\u00e1lez Garc\u00eda. Las exposiciones de los funcionarios, ser\u00e1n transmitidas a los miembros parlamentarios de las comisiones de&#8230;<\/p>\n","protected":false},"author":3,"featured_media":59768,"comment_status":"closed","ping_status":"closed","sticky":false,"template":"","format":"standard","meta":[],"categories":[18],"tags":[],"_links":{"self":[{"href":"https:\/\/www.actualidadadiario.com\/index.php\/wp-json\/wp\/v2\/posts\/59767"}],"collection":[{"href":"https:\/\/www.actualidadadiario.com\/index.php\/wp-json\/wp\/v2\/posts"}],"about":[{"href":"https:\/\/www.actualidadadiario.com\/index.php\/wp-json\/wp\/v2\/types\/post"}],"author":[{"embeddable":true,"href":"https:\/\/www.actualidadadiario.com\/index.php\/wp-json\/wp\/v2\/users\/3"}],"replies":[{"embeddable":true,"href":"https:\/\/www.actualidadadiario.com\/index.php\/wp-json\/wp\/v2\/comments?post=59767"}],"version-history":[{"count":1,"href":"https:\/\/www.actualidadadiario.com\/index.php\/wp-json\/wp\/v2\/posts\/59767\/revisions"}],"predecessor-version":[{"id":59769,"href":"https:\/\/www.actualidadadiario.com\/index.php\/wp-json\/wp\/v2\/posts\/59767\/revisions\/59769"}],"wp:featuredmedia":[{"embeddable":true,"href":"https:\/\/www.actualidadadiario.com\/index.php\/wp-json\/wp\/v2\/media\/59768"}],"wp:attachment":[{"href":"https:\/\/www.actualidadadiario.com\/index.php\/wp-json\/wp\/v2\/media?parent=59767"}],"wp:term":[{"taxonomy":"category","embeddable":true,"href":"https:\/\/www.actualidadadiario.com\/index.php\/wp-json\/wp\/v2\/categories?post=59767"},{"taxonomy":"post_tag","embeddable":true,"href":"https:\/\/www.actualidadadiario.com\/index.php\/wp-json\/wp\/v2\/tags?post=59767"}],"curies":[{"name":"wp","href":"https:\/\/api.w.org\/{rel}","templated":true}]}}