{"id":59765,"date":"2020-03-31T12:56:41","date_gmt":"2020-03-31T15:56:41","guid":{"rendered":"https:\/\/www.actualidadadiario.com\/?p=59765"},"modified":"2020-03-31T12:56:41","modified_gmt":"2020-03-31T15:56:41","slug":"anunciaran-35-de-pobreza-en-el-2019-y-temen-un-salto-por-la-coronacrisis","status":"publish","type":"post","link":"https:\/\/www.actualidadadiario.com\/index.php\/2020\/03\/31\/anunciaran-35-de-pobreza-en-el-2019-y-temen-un-salto-por-la-coronacrisis\/","title":{"rendered":"Anunciar\u00e1n 35% de pobreza en el 2019 y temen un salto por la coronacrisis"},"content":{"rendered":"<p style=\"text-align: center;\"><em><strong>Por la vuelta del IVA en alimentos, el deterioro social hab\u00eda continuado en enero y febrero. Ante la crisis por la pandemia, espera un crecimiento, aunque atenuado por las medidas gubernamentales<\/strong><\/em><\/p>\n<p>&nbsp;<\/p>\n<p>&nbsp;<\/p>\n<p>El Indec publicar\u00e1 el mi\u00e9rcoles el \u00edndice de pobreza de la segunda mitad de 2019. Las estimaciones privadas esperan que se mantenga en torno al pico del semestre previo, es decir, alrededor del 35\/36%, lo que consolidar\u00eda el fuerte aumento experimentado en la gesti\u00f3n de Cambiemos, que dej\u00f3 a unos 16 millones de argentinos sin poder satisfacer sus necesidades b\u00e1sicas y a varios millones m\u00e1s en situaci\u00f3n de vulnerabilidad. Esta realidad opera como un caldo de cultivo en momentos en que el parate de la actividad dispuesto para contener el avance del coronavirus podr\u00eda disparar otro fuerte deterioro de los indicadores sociales, pese a las medidas paliativas anunciadas por el Gobierno.<\/p>\n<p>El \u00faltimo dato oficial muestra que, tras el estallido de la crisis en 2018, la pobreza alcanz\u00f3 el 35,4% y la indigencia el 7,7% en el primer semestre del a\u00f1o pasado. Esto implic\u00f3 la creaci\u00f3n de 3,5 millones de nuevos pobres en s\u00f3lo doce meses.<\/p>\n<p>El econometrista Mart\u00edn Rozada, que elabora una estimaci\u00f3n de actualizaci\u00f3n mensual a partir de datos oficiales, calcul\u00f3 que en la segunda mitad de 2019 la pobreza se mantuvo pr\u00e1cticamente estable y qued\u00f3 en 35,1%. Consultados por BAE Negocios, otros analistas especializados aunque sin medici\u00f3n propia para ese per\u00edodo, le dieron cr\u00e9dito a ese n\u00famero.<\/p>\n<p>En di\u00e1logo con este diario, Rozada explic\u00f3 que la medici\u00f3n del Indec se realiza de forma semestral para evitar las distorsiones que genera el aguinaldo en los trimestres impares. Se\u00f1al\u00f3 que en el tercer trimestre de 2019 hubo una tasa de alrededor del 33% y que, tras la devaluaci\u00f3n de agosto, en el cuarto dio 37%.<\/p>\n<p>En el comienzo de 2020, el deterioro no se detuvo. Impulsada por el impacto de la reinstauraci\u00f3n del IVA en los alimentos de la canasta b\u00e1sica, la pobreza subi\u00f3 al 36,1% en el semestre m\u00f3vil agosto-enero y al 36,8% en septiembre-febrero, seg\u00fan el econometrista.<\/p>\n<p>Con el aislamiento obligatorio, el quiebre de ingresos para los trabajadores informales y cuentapropistas, que recibir\u00e1n un bono de $10.000 en abril y podr\u00edan recibir otro en mayo, y varios millones de empleos en riesgo, a partir de marzo el cuadro social empeorar\u00e1.<\/p>\n<p>&#8220;Uno espera que la tasa crezca. No de forma explosiva porque las medidas del Gobierno compensar\u00e1n un poco, pero va a ser m\u00e1s alta en el primer semestre&#8221;, advirti\u00f3 Rozada. Y sostuvo que los paliativos anunciados van a contener m\u00e1s la suba de la indigencia que la de la pobreza.<\/p>\n<p>Con una econom\u00eda mundial camino a la recesi\u00f3n, el flagelo se extender\u00e1 a escala global. De hecho, la Comisi\u00f3n Econ\u00f3mica para Am\u00e9rica Latina y el Caribe de ONU (Cepal) alert\u00f3 d\u00edas atr\u00e1s que la regi\u00f3n podr\u00eda sufrir la ca\u00edda de 35 millones de personas en la pobreza.<\/p>\n<p>Sin precisiones acerca de qu\u00e9 pa\u00edses tienen mayores riesgos al respecto, Alicia B\u00e1rcena, la secretaria ejecutiva del organismo, se\u00f1al\u00f3 que son positivas las medidas desplegadas en varios pa\u00edses para contener el impacto social de la coronacrisis, como el ingreso familiar de emergencia dispuesto por Alberto Fern\u00e1ndez en Argentina, aunque enfatiz\u00f3: &#8220;Hay que implementar transferencias monetarias lo m\u00e1s universales posibles&#8221;. Y plante\u00f3 que no deben limitarse &#8220;a los hogares pobres&#8221;, sino que hay que proteger a los estratos de la poblaci\u00f3n que &#8220;son muy vulnerables a caer en ella&#8221;.<\/p>\n","protected":false},"excerpt":{"rendered":"<p>Por la vuelta del IVA en alimentos, el deterioro social hab\u00eda continuado en enero y febrero. Ante la crisis por la pandemia, espera un crecimiento, aunque atenuado por las medidas gubernamentales &nbsp; &nbsp; El Indec publicar\u00e1 el mi\u00e9rcoles el \u00edndice de pobreza de la segunda mitad de 2019. Las estimaciones privadas esperan que se mantenga en torno al pico del semestre previo, es decir, alrededor del 35\/36%, lo que consolidar\u00eda el fuerte aumento experimentado en la gesti\u00f3n de Cambiemos, que dej\u00f3 a unos 16 millones de argentinos sin poder satisfacer&#8230;<\/p>\n","protected":false},"author":3,"featured_media":51253,"comment_status":"closed","ping_status":"closed","sticky":false,"template":"","format":"standard","meta":[],"categories":[18],"tags":[],"_links":{"self":[{"href":"https:\/\/www.actualidadadiario.com\/index.php\/wp-json\/wp\/v2\/posts\/59765"}],"collection":[{"href":"https:\/\/www.actualidadadiario.com\/index.php\/wp-json\/wp\/v2\/posts"}],"about":[{"href":"https:\/\/www.actualidadadiario.com\/index.php\/wp-json\/wp\/v2\/types\/post"}],"author":[{"embeddable":true,"href":"https:\/\/www.actualidadadiario.com\/index.php\/wp-json\/wp\/v2\/users\/3"}],"replies":[{"embeddable":true,"href":"https:\/\/www.actualidadadiario.com\/index.php\/wp-json\/wp\/v2\/comments?post=59765"}],"version-history":[{"count":1,"href":"https:\/\/www.actualidadadiario.com\/index.php\/wp-json\/wp\/v2\/posts\/59765\/revisions"}],"predecessor-version":[{"id":59766,"href":"https:\/\/www.actualidadadiario.com\/index.php\/wp-json\/wp\/v2\/posts\/59765\/revisions\/59766"}],"wp:featuredmedia":[{"embeddable":true,"href":"https:\/\/www.actualidadadiario.com\/index.php\/wp-json\/wp\/v2\/media\/51253"}],"wp:attachment":[{"href":"https:\/\/www.actualidadadiario.com\/index.php\/wp-json\/wp\/v2\/media?parent=59765"}],"wp:term":[{"taxonomy":"category","embeddable":true,"href":"https:\/\/www.actualidadadiario.com\/index.php\/wp-json\/wp\/v2\/categories?post=59765"},{"taxonomy":"post_tag","embeddable":true,"href":"https:\/\/www.actualidadadiario.com\/index.php\/wp-json\/wp\/v2\/tags?post=59765"}],"curies":[{"name":"wp","href":"https:\/\/api.w.org\/{rel}","templated":true}]}}