{"id":59757,"date":"2020-03-31T12:54:13","date_gmt":"2020-03-31T15:54:13","guid":{"rendered":"https:\/\/www.actualidadadiario.com\/?p=59757"},"modified":"2020-03-31T12:54:13","modified_gmt":"2020-03-31T15:54:13","slug":"trotta-no-esta-todavia-la-certeza-de-la-modificacion-del-calendario-escolar","status":"publish","type":"post","link":"https:\/\/www.actualidadadiario.com\/index.php\/2020\/03\/31\/trotta-no-esta-todavia-la-certeza-de-la-modificacion-del-calendario-escolar\/","title":{"rendered":"Trotta: &#8220;No est\u00e1 todav\u00eda la certeza de la modificaci\u00f3n del calendario escolar&#8221;"},"content":{"rendered":"<p style=\"text-align: center;\"><em><strong>Fue la primera videoconferencia entre el Gobierno y la Comisi\u00f3n que preside Sergio Massa. Buscan brindar la mayor cantidad de herramientas para fortalecer el v\u00ednculo entre las maestras, maestros, profesores y estudiantes<\/strong><\/em><\/p>\n<p>&nbsp;<\/p>\n<p>El Ministro de Educaci\u00f3n de la Naci\u00f3n, Nicol\u00e1s Trotta mantuvo esta tarde la primera videoconferencia con la Comisi\u00f3n de Educaci\u00f3n de la C\u00e1mara de Diputados de la Naci\u00f3n, que preside Sergio Massa, para debatir sobre la din\u00e1mica de las y los estudiantes en el marco de la suspensi\u00f3n de las clases presenciales y la continuidad del ciclo lectivo.<\/p>\n<p>Trotta, sostuvo que &#8220;no est\u00e1 todav\u00eda la certeza de la modificaci\u00f3n del calendario escolar&#8221;, ya que eso depender\u00e1 del momento en que se resuelva la fecha de &#8220;vuelta f\u00edsica a la escuela&#8221;, una vez que ceda la pandemia por coronavirus<\/p>\n<p>Sergio Massa agradeci\u00f3 &#8220;a cada una de las fuerzas pol\u00edticas por la responsabilidad, seriedad y buena fe con la que vienen trabajando junto con el Gobierno. Uno de los desaf\u00edos que tenemos como Parlamento es que la tecnolog\u00eda ingrese definitivamente a nuestra vida\u201d.<\/p>\n<p>Por su parte, el titular de la cartera educativa, Nicol\u00e1s Trotta, manifest\u00f3: \u201cNuestra responsabilidad es que el Estado acompa\u00f1e a toda la ciudadan\u00eda en esta situaci\u00f3n particular y dar la mayor cantidad de herramientas para fortalecer el v\u00ednculo entre las maestras, maestros, profesores y sus estudiantes\u201d.<\/p>\n<p>Asimismo, Trotta destac\u00f3: &#8220;Es importante la continuidad pedag\u00f3gica pero m\u00e1s a\u00fan lo es poder acompa\u00f1ar en este momento de profunda incertidumbre poniendo en funcionamiento los contenidos en la programaci\u00f3n de televisi\u00f3n y radio y en nuestro portal www.seguimoseducando.gob.ar\u201d.<\/p>\n<p>Trotta enfatiz\u00f3 que gracias al trabajo que &#8220;se est\u00e1 articulando con el ENACOM, toda la comunidad educativa puede acceder al portal digital de manera gratuita, sin consumir datos&#8221;.<\/p>\n<p>Por su parte, la diputada nacional del Frente de Todos por la Ciudad de Buenos Aires, Gisela Marziotta, quien particip\u00f3 en la reuni\u00f3n de la comisi\u00f3n de Educaci\u00f3n -de la que es vicepresidenta-, destac\u00f3 que \u201cel rol del docente y de la escuela es irremplazable, estamos viviendo una situaci\u00f3n extrema donde los padres y las madres no podemos suplir ese rol, pero las medidas adoptadas por el gobierno nacional son acertadas y as\u00ed lo demuestran las estad\u00edsticas de contagio\u201d.<\/p>\n","protected":false},"excerpt":{"rendered":"<p>Fue la primera videoconferencia entre el Gobierno y la Comisi\u00f3n que preside Sergio Massa. Buscan brindar la mayor cantidad de herramientas para fortalecer el v\u00ednculo entre las maestras, maestros, profesores y estudiantes &nbsp; El Ministro de Educaci\u00f3n de la Naci\u00f3n, Nicol\u00e1s Trotta mantuvo esta tarde la primera videoconferencia con la Comisi\u00f3n de Educaci\u00f3n de la C\u00e1mara de Diputados de la Naci\u00f3n, que preside Sergio Massa, para debatir sobre la din\u00e1mica de las y los estudiantes en el marco de la suspensi\u00f3n de las clases presenciales y la continuidad del ciclo&#8230;<\/p>\n","protected":false},"author":3,"featured_media":59758,"comment_status":"closed","ping_status":"closed","sticky":false,"template":"","format":"standard","meta":[],"categories":[18],"tags":[],"_links":{"self":[{"href":"https:\/\/www.actualidadadiario.com\/index.php\/wp-json\/wp\/v2\/posts\/59757"}],"collection":[{"href":"https:\/\/www.actualidadadiario.com\/index.php\/wp-json\/wp\/v2\/posts"}],"about":[{"href":"https:\/\/www.actualidadadiario.com\/index.php\/wp-json\/wp\/v2\/types\/post"}],"author":[{"embeddable":true,"href":"https:\/\/www.actualidadadiario.com\/index.php\/wp-json\/wp\/v2\/users\/3"}],"replies":[{"embeddable":true,"href":"https:\/\/www.actualidadadiario.com\/index.php\/wp-json\/wp\/v2\/comments?post=59757"}],"version-history":[{"count":1,"href":"https:\/\/www.actualidadadiario.com\/index.php\/wp-json\/wp\/v2\/posts\/59757\/revisions"}],"predecessor-version":[{"id":59759,"href":"https:\/\/www.actualidadadiario.com\/index.php\/wp-json\/wp\/v2\/posts\/59757\/revisions\/59759"}],"wp:featuredmedia":[{"embeddable":true,"href":"https:\/\/www.actualidadadiario.com\/index.php\/wp-json\/wp\/v2\/media\/59758"}],"wp:attachment":[{"href":"https:\/\/www.actualidadadiario.com\/index.php\/wp-json\/wp\/v2\/media?parent=59757"}],"wp:term":[{"taxonomy":"category","embeddable":true,"href":"https:\/\/www.actualidadadiario.com\/index.php\/wp-json\/wp\/v2\/categories?post=59757"},{"taxonomy":"post_tag","embeddable":true,"href":"https:\/\/www.actualidadadiario.com\/index.php\/wp-json\/wp\/v2\/tags?post=59757"}],"curies":[{"name":"wp","href":"https:\/\/api.w.org\/{rel}","templated":true}]}}