{"id":59755,"date":"2020-03-31T12:53:28","date_gmt":"2020-03-31T15:53:28","guid":{"rendered":"https:\/\/www.actualidadadiario.com\/?p=59755"},"modified":"2020-03-31T12:53:28","modified_gmt":"2020-03-31T15:53:28","slug":"alfonsin-la-opcion-argentina-no-solo-es-etica-sino-tambien-economicamente-correcta","status":"publish","type":"post","link":"https:\/\/www.actualidadadiario.com\/index.php\/2020\/03\/31\/alfonsin-la-opcion-argentina-no-solo-es-etica-sino-tambien-economicamente-correcta\/","title":{"rendered":"Alfons\u00edn: &#8220;La opci\u00f3n argentina no solo es \u00e9tica sino tambi\u00e9n econ\u00f3micamente correcta&#8221;"},"content":{"rendered":"<p style=\"text-align: center;\"><em><strong>El embajador en Espa\u00f1a, donde el coronavirus ya mat\u00f3 a 7.340 personas, defendi\u00f3 la pr\u00f3rroga del aislamiento social, preventivo y obligatorio decidido por el presidente Alberto Fern\u00e1ndez<\/strong><\/em><\/p>\n<p>&nbsp;<\/p>\n<p>&nbsp;<\/p>\n<p>&nbsp;<\/p>\n<p>El embajador en Espa\u00f1a, Ricardo Alfons\u00edn, sostuvo que la &#8220;opci\u00f3n argentina&#8221; de aislamiento preventivo, social y obligatorio para hacer frente al coronavirus &#8220;no solo es \u00e9tica&#8221; sino tambi\u00e9n &#8220;econ\u00f3micamente correcta&#8221;, y advirti\u00f3 que inclinarse por mantener la actividad econ\u00f3mica &#8220;da\u00f1ar\u00eda m\u00e1s&#8221; que las restricciones.<\/p>\n<p>Esta misma tarde, el gobierno espa\u00f1ol inform\u00f3 que en las \u00faltimas 24 horas se produjeron en ese pa\u00eds 812 nuevas muertes a causa del coronavirus, por lo que el n\u00famero de v\u00edctimas fatales por el virus Covid-19 ascendi\u00f3 a 7.340 personas.<\/p>\n<p>Un d\u00eda despu\u00e9s de que el presidente Alberto Fern\u00e1ndez anunciara la pr\u00f3rroga de la cuarentena hasta despu\u00e9s de Semana Santa, Alfons\u00edn plante\u00f3 que &#8220;la opci\u00f3n argentina no solo es \u00e9tica sino tambi\u00e9n econ\u00f3micamente correcta&#8221; porque, dijo, &#8220;la opci\u00f3n por la econom\u00eda da\u00f1ar\u00eda a \u00e9sta tanto o m\u00e1s que el aislamiento&#8221;.<\/p>\n<p>&#8220;Lo que est\u00e1 ocurriendo en los pa\u00edses que lo hicieron lo prueba. No es priorizar la salud lo que afecta la econom\u00eda: es la pandemia&#8221;, enfatiz\u00f3 desde su cuenta de Twitter.<\/p>\n<p>El dirigente radical indic\u00f3 adem\u00e1s que &#8220;los que est\u00e1n preocupados por la pobreza y las muertes que la econom\u00eda puede causar, si lo est\u00e1n en serio, que ayuden a ponerle fin al capitalismo salvaje y a construir econom\u00edas m\u00e1s solidarias&#8221;.<\/p>\n<p>&nbsp;<\/p>\n<p><strong>La situaci\u00f3n en Espa\u00f1a<\/strong><\/p>\n<p>El Ministerio de la Sanidad espa\u00f1ol inform\u00f3 que ya son 85.195 los casos de la enfermedad confirmados all\u00ed, por lo que Espa\u00f1a super\u00f3 la cantidad de infectados que hay en China (82.198), naci\u00f3n en donde se origin\u00f3 la pandemia.<\/p>\n<p>En las \u00faltimas 24 horas, adem\u00e1s de las 812 muertes, se produjeron 5.231 enfermos nuevos por coronavirus, seg\u00fan la informaci\u00f3n brindada por el gobierno de ese pa\u00eds, en tanto 16.780 pacientes lograron recuperarse.<\/p>\n<p>Madrid sigue siendo el epicentro del Covid-19 en Espa\u00f1a, con m\u00e1s de 24 mil personas infectadas con coronavirus y m\u00e1s de la mitad de los muertos del total del pa\u00eds, con 3.992.<\/p>\n<p>Por otra parte, en el mediod\u00eda espa\u00f1ol se inform\u00f3 que el director del Centro de Coordinaci\u00f3n de Alertas y Emergencias Sanitarias, Fernando Sim\u00f3n, dio positivo de coronavirus y permanec\u00eda en aislamiento domiciliario.<\/p>\n<p>En su reemplazo, la doctora Mar\u00eda Jos\u00e9 Sierra en rueda de prensa dijo que existen &#8220;85.195 casos acumulados desde el inicio de la epidemia&#8221; y agreg\u00f3 que la buena noticia ha llegado del lado de los pacientes dados de altas, que representan ya el 20% de las personas que han dado positivo.<\/p>\n<p>Respecto a la evoluci\u00f3n de la epidemia, Sierra destac\u00f3: &#8220;Desde el d\u00eda 25 de marzo estamos observando un cambio de tendencia en el incremento diario de los casos. Del 15 al 25 de marzo hab\u00eda un incremento de casos del 20% y ahora lo es del 12% desde entonces. Esto es lo que esper\u00e1bamos al cabo de 9-10 d\u00edas de distanciamiento social&#8221;.<\/p>\n<p>Por otro lado, el gobierno espa\u00f1ol decidi\u00f3 poner al Ej\u00e9rcito a patrullar las calles para asegurar el cumplimiento de las medidas de confinamiento.<\/p>\n","protected":false},"excerpt":{"rendered":"<p>El embajador en Espa\u00f1a, donde el coronavirus ya mat\u00f3 a 7.340 personas, defendi\u00f3 la pr\u00f3rroga del aislamiento social, preventivo y obligatorio decidido por el presidente Alberto Fern\u00e1ndez &nbsp; &nbsp; &nbsp; El embajador en Espa\u00f1a, Ricardo Alfons\u00edn, sostuvo que la &#8220;opci\u00f3n argentina&#8221; de aislamiento preventivo, social y obligatorio para hacer frente al coronavirus &#8220;no solo es \u00e9tica&#8221; sino tambi\u00e9n &#8220;econ\u00f3micamente correcta&#8221;, y advirti\u00f3 que inclinarse por mantener la actividad econ\u00f3mica &#8220;da\u00f1ar\u00eda m\u00e1s&#8221; que las restricciones. Esta misma tarde, el gobierno espa\u00f1ol inform\u00f3 que en las \u00faltimas 24 horas se produjeron en&#8230;<\/p>\n","protected":false},"author":3,"featured_media":9910,"comment_status":"closed","ping_status":"closed","sticky":false,"template":"","format":"standard","meta":[],"categories":[18],"tags":[],"_links":{"self":[{"href":"https:\/\/www.actualidadadiario.com\/index.php\/wp-json\/wp\/v2\/posts\/59755"}],"collection":[{"href":"https:\/\/www.actualidadadiario.com\/index.php\/wp-json\/wp\/v2\/posts"}],"about":[{"href":"https:\/\/www.actualidadadiario.com\/index.php\/wp-json\/wp\/v2\/types\/post"}],"author":[{"embeddable":true,"href":"https:\/\/www.actualidadadiario.com\/index.php\/wp-json\/wp\/v2\/users\/3"}],"replies":[{"embeddable":true,"href":"https:\/\/www.actualidadadiario.com\/index.php\/wp-json\/wp\/v2\/comments?post=59755"}],"version-history":[{"count":1,"href":"https:\/\/www.actualidadadiario.com\/index.php\/wp-json\/wp\/v2\/posts\/59755\/revisions"}],"predecessor-version":[{"id":59756,"href":"https:\/\/www.actualidadadiario.com\/index.php\/wp-json\/wp\/v2\/posts\/59755\/revisions\/59756"}],"wp:featuredmedia":[{"embeddable":true,"href":"https:\/\/www.actualidadadiario.com\/index.php\/wp-json\/wp\/v2\/media\/9910"}],"wp:attachment":[{"href":"https:\/\/www.actualidadadiario.com\/index.php\/wp-json\/wp\/v2\/media?parent=59755"}],"wp:term":[{"taxonomy":"category","embeddable":true,"href":"https:\/\/www.actualidadadiario.com\/index.php\/wp-json\/wp\/v2\/categories?post=59755"},{"taxonomy":"post_tag","embeddable":true,"href":"https:\/\/www.actualidadadiario.com\/index.php\/wp-json\/wp\/v2\/tags?post=59755"}],"curies":[{"name":"wp","href":"https:\/\/api.w.org\/{rel}","templated":true}]}}