{"id":59747,"date":"2020-03-31T12:51:07","date_gmt":"2020-03-31T15:51:07","guid":{"rendered":"https:\/\/www.actualidadadiario.com\/?p=59747"},"modified":"2020-03-31T12:51:07","modified_gmt":"2020-03-31T15:51:07","slug":"extenderan-la-validez-de-los-certificados-para-circular-que-vencian-esta-medianoche","status":"publish","type":"post","link":"https:\/\/www.actualidadadiario.com\/index.php\/2020\/03\/31\/extenderan-la-validez-de-los-certificados-para-circular-que-vencian-esta-medianoche\/","title":{"rendered":"Extender\u00e1n la validez de los certificados para circular que venc\u00edan esta medianoche"},"content":{"rendered":"<p style=\"text-align: center;\"><em><strong>En principio, se extender\u00eda la coexistencia de los certificados unos d\u00edas m\u00e1s. Es necesario para circular en la v\u00eda p\u00fablica para las personas exceptuadas del aislamiento obligatorio<\/strong><\/em><\/p>\n<p>&nbsp;<\/p>\n<p>&nbsp;<\/p>\n<p>El Gobierno nacional trabaja en una norma para &#8220;extender la validez&#8221; de los certificados para circular en auto por el pa\u00eds, de modo de dar m\u00e1s tiempo para tramitar el Certificado \u00danico Habilitante de Circulaci\u00f3n, creado el fin de semana para unificar todos los permisos de excepci\u00f3n al aislamiento social, preventivo y obligatorio que rige por el coronavirus COVID-19.<\/p>\n<p>&#8220;Estamos trabajando en una norma para extender la validez del resto de los certificados un tiempo m\u00e1s para que se tenga margen de tramitarlo&#8221;, dijo a T\u00e9lam la secretar\u00eda de Innovaci\u00f3n Tecnol\u00f3gica, Micaela S\u00e1nchez Malcom.<\/p>\n<p>Se trata de la norma cuya puesta en vigencia se hab\u00eda anunciado para el primer minuto de la jornada de ma\u00f1ana y que, ahora, ser\u00e1 pospuesta.<\/p>\n<p>El domingo \u00faltimo, mediante una publicaci\u00f3n en el Bolet\u00edn Oficial, el Gobierno cre\u00f3 el Certificado \u00danico Habilitante para Circulaci\u00f3n ante la emergencia del Covid-19, v\u00e1lido para circular en la v\u00eda p\u00fablica para las personas exceptuadas del aislamiento obligatorio, ya sea por desempe\u00f1arse en alguna de las tareas consideradas esenciales u otros motivos contemplados en la norma.<\/p>\n<p>Sin embargo, como el domingo se satur\u00f3 la p\u00e1gina web para tramitar el certificado y ayer ocurri\u00f3 lo mismo, el Gobierno decidi\u00f3 extender el plazo de entrada en vigencia de la nueva norma.<\/p>\n<p>Ayer, la plataforma de tr\u00e1mites a distancia tuvo picos de hasta 80.000 consultas simult\u00e1neas para acceder al formulario.<\/p>\n<p>S\u00e1nchez Malcom explic\u00f3 que, &#8220;en principio, se extender\u00eda la coexistencia de los certificados unos d\u00edas m\u00e1s&#8221;, es decir que las personas exceptuadas podr\u00e1n circular con los permisos con los que lo hac\u00edan ahora, emitidos por cada uno de los distritos.<\/p>\n<p>No obstante, aclar\u00f3 que, ahora, el sitio web desde donde se gestiona el Certificado \u00danico, &#8220;funciona bien&#8221;.<\/p>\n","protected":false},"excerpt":{"rendered":"<p>En principio, se extender\u00eda la coexistencia de los certificados unos d\u00edas m\u00e1s. Es necesario para circular en la v\u00eda p\u00fablica para las personas exceptuadas del aislamiento obligatorio &nbsp; &nbsp; El Gobierno nacional trabaja en una norma para &#8220;extender la validez&#8221; de los certificados para circular en auto por el pa\u00eds, de modo de dar m\u00e1s tiempo para tramitar el Certificado \u00danico Habilitante de Circulaci\u00f3n, creado el fin de semana para unificar todos los permisos de excepci\u00f3n al aislamiento social, preventivo y obligatorio que rige por el coronavirus COVID-19. &#8220;Estamos trabajando&#8230;<\/p>\n","protected":false},"author":3,"featured_media":59748,"comment_status":"closed","ping_status":"closed","sticky":false,"template":"","format":"standard","meta":[],"categories":[2],"tags":[],"_links":{"self":[{"href":"https:\/\/www.actualidadadiario.com\/index.php\/wp-json\/wp\/v2\/posts\/59747"}],"collection":[{"href":"https:\/\/www.actualidadadiario.com\/index.php\/wp-json\/wp\/v2\/posts"}],"about":[{"href":"https:\/\/www.actualidadadiario.com\/index.php\/wp-json\/wp\/v2\/types\/post"}],"author":[{"embeddable":true,"href":"https:\/\/www.actualidadadiario.com\/index.php\/wp-json\/wp\/v2\/users\/3"}],"replies":[{"embeddable":true,"href":"https:\/\/www.actualidadadiario.com\/index.php\/wp-json\/wp\/v2\/comments?post=59747"}],"version-history":[{"count":1,"href":"https:\/\/www.actualidadadiario.com\/index.php\/wp-json\/wp\/v2\/posts\/59747\/revisions"}],"predecessor-version":[{"id":59749,"href":"https:\/\/www.actualidadadiario.com\/index.php\/wp-json\/wp\/v2\/posts\/59747\/revisions\/59749"}],"wp:featuredmedia":[{"embeddable":true,"href":"https:\/\/www.actualidadadiario.com\/index.php\/wp-json\/wp\/v2\/media\/59748"}],"wp:attachment":[{"href":"https:\/\/www.actualidadadiario.com\/index.php\/wp-json\/wp\/v2\/media?parent=59747"}],"wp:term":[{"taxonomy":"category","embeddable":true,"href":"https:\/\/www.actualidadadiario.com\/index.php\/wp-json\/wp\/v2\/categories?post=59747"},{"taxonomy":"post_tag","embeddable":true,"href":"https:\/\/www.actualidadadiario.com\/index.php\/wp-json\/wp\/v2\/tags?post=59747"}],"curies":[{"name":"wp","href":"https:\/\/api.w.org\/{rel}","templated":true}]}}