{"id":59745,"date":"2020-03-31T12:50:20","date_gmt":"2020-03-31T15:50:20","guid":{"rendered":"https:\/\/www.actualidadadiario.com\/?p=59745"},"modified":"2020-03-31T12:50:20","modified_gmt":"2020-03-31T15:50:20","slug":"la-industria-frigorifica-debera-informar-los-valores-de-la-carne","status":"publish","type":"post","link":"https:\/\/www.actualidadadiario.com\/index.php\/2020\/03\/31\/la-industria-frigorifica-debera-informar-los-valores-de-la-carne\/","title":{"rendered":"La industria frigor\u00edfica deber\u00e1 informar los valores de la carne"},"content":{"rendered":"<p style=\"text-align: center;\"><em><strong>Lo estableci\u00f3 el Gobierno debido a que &#8220;en el marco de esta situaci\u00f3n de emergencia&#8221; producto del coronavirus &#8220;se han observado desequilibrios en el mercado de la carne vacuna, producto de distorsiones en materia de precios&#8221;<\/strong><\/em><\/p>\n<p>&nbsp;<\/p>\n<p>El gobierno nacional estableci\u00f3 que la industria frigor\u00edfica de carne bovina deber\u00e1 informar semanalmente la cantidad de kilogramos de media res y cueros vendidos diariamente y sus respectivos precios promedio, los cuales se difundir\u00e1n al p\u00fablico.<\/p>\n<p>La medida fue dispuesta a trav\u00e9s de la resoluci\u00f3n 103\/2020 de la Secretar\u00eda de Comercio Interior, publicada hoy en el Bolet\u00edn Oficial, y se argumenta en que &#8220;en el marco de esta situaci\u00f3n de emergencia&#8221; producto del coronavirus &#8220;se han observado desequilibrios en el mercado de la carne vacuna, producto de distorsiones en materia de precios&#8221;.<\/p>\n<p>Para revertir esa situaci\u00f3n, se cre\u00f3 en la \u00f3rbita de la Subsecretar\u00eda de Acciones para la Defensa de los consumidores un r\u00e9gimen informativo respecto de todas las empresas que se encuentren inscriptas ante la Administraci\u00f3n Federal de Ingresos P\u00fablicos (AFIP), como actividad principal o secundaria, la matanza de ganado bovino; el procesamiento de carne de ganado bovino; las operaciones de intermediaci\u00f3n de carne excepto consignatario directo, pero que comprende matarifes abastecedores de carne.<\/p>\n<p>Tambi\u00e9n abarca la venta al por mayor de carnes rojas y derivados, incluyendo abastecedores y distribuidores de carne.<\/p>\n<p>Los sujetos alcanzados por la medida deber\u00e1n, el \u00faltimo d\u00eda h\u00e1bil de la semana de cada mes calendario, informar a la Subsecretar\u00eda la cantidad diaria de kilos de media res y cuero vacunos comercializados, su precio promedio diario de venta por unidad de medida y la categor\u00eda de origen de tales productos.<\/p>\n<p>Comercio Interior se\u00f1al\u00f3 que &#8220;en el marco de esta situaci\u00f3n de emergencia se han observado en los \u00faltimos tiempos determinados desequilibrios en el mercado de la carne vacuna, producto de distorsiones en materia de precios en las distintas etapas de la cadena de comercializaci\u00f3n, que comprenden desde la producci\u00f3n hasta su comercializaci\u00f3n final&#8221;.<\/p>\n<p>&#8220;Esto se tradujo en incrementos en el precio a las y los consumidores de carne vacuna, que no parecen guardar relaci\u00f3n con la evoluci\u00f3n de los principales componentes del costo de cada uno de los eslabones de la cadena, ni con la situaci\u00f3n econ\u00f3mica general&#8221;, afirm\u00f3 el \u00e1rea que conduce Paula Espa\u00f1ol.<\/p>\n<p>Por lo tanto, consider\u00f3 que &#8220;con el objeto de transparentar la intervenci\u00f3n de los distintos agentes econ\u00f3micos de la cadena y resguardar, en \u00faltima instancia, al consumidor final corresponde establecer un r\u00e9gimen informativo de precios de la industria frigor\u00edfica de la carne vacuna y sus derivados&#8221;.<\/p>\n<p>Este r\u00e9gimen, que se extender\u00e1 por 90 d\u00edas, contempla el deber de informar de manera peri\u00f3dica, la cantidad de kilogramos de media res y cueros vendidos diariamente y sus respectivos precios promedio.<\/p>\n<p>Tambi\u00e9n comprende publicar, con acceso p\u00fablico, precios de referencia de media res y cuero con el objeto de transparentar las operaciones en la cadena de carne vacuna y as\u00ed evitar distorsiones o conductas abusivas en inter\u00e9s de todos los participantes del mercado.<\/p>\n","protected":false},"excerpt":{"rendered":"<p>Lo estableci\u00f3 el Gobierno debido a que &#8220;en el marco de esta situaci\u00f3n de emergencia&#8221; producto del coronavirus &#8220;se han observado desequilibrios en el mercado de la carne vacuna, producto de distorsiones en materia de precios&#8221; &nbsp; El gobierno nacional estableci\u00f3 que la industria frigor\u00edfica de carne bovina deber\u00e1 informar semanalmente la cantidad de kilogramos de media res y cueros vendidos diariamente y sus respectivos precios promedio, los cuales se difundir\u00e1n al p\u00fablico. La medida fue dispuesta a trav\u00e9s de la resoluci\u00f3n 103\/2020 de la Secretar\u00eda de Comercio Interior, publicada&#8230;<\/p>\n","protected":false},"author":3,"featured_media":54722,"comment_status":"closed","ping_status":"closed","sticky":false,"template":"","format":"standard","meta":[],"categories":[2],"tags":[],"_links":{"self":[{"href":"https:\/\/www.actualidadadiario.com\/index.php\/wp-json\/wp\/v2\/posts\/59745"}],"collection":[{"href":"https:\/\/www.actualidadadiario.com\/index.php\/wp-json\/wp\/v2\/posts"}],"about":[{"href":"https:\/\/www.actualidadadiario.com\/index.php\/wp-json\/wp\/v2\/types\/post"}],"author":[{"embeddable":true,"href":"https:\/\/www.actualidadadiario.com\/index.php\/wp-json\/wp\/v2\/users\/3"}],"replies":[{"embeddable":true,"href":"https:\/\/www.actualidadadiario.com\/index.php\/wp-json\/wp\/v2\/comments?post=59745"}],"version-history":[{"count":1,"href":"https:\/\/www.actualidadadiario.com\/index.php\/wp-json\/wp\/v2\/posts\/59745\/revisions"}],"predecessor-version":[{"id":59746,"href":"https:\/\/www.actualidadadiario.com\/index.php\/wp-json\/wp\/v2\/posts\/59745\/revisions\/59746"}],"wp:featuredmedia":[{"embeddable":true,"href":"https:\/\/www.actualidadadiario.com\/index.php\/wp-json\/wp\/v2\/media\/54722"}],"wp:attachment":[{"href":"https:\/\/www.actualidadadiario.com\/index.php\/wp-json\/wp\/v2\/media?parent=59745"}],"wp:term":[{"taxonomy":"category","embeddable":true,"href":"https:\/\/www.actualidadadiario.com\/index.php\/wp-json\/wp\/v2\/categories?post=59745"},{"taxonomy":"post_tag","embeddable":true,"href":"https:\/\/www.actualidadadiario.com\/index.php\/wp-json\/wp\/v2\/tags?post=59745"}],"curies":[{"name":"wp","href":"https:\/\/api.w.org\/{rel}","templated":true}]}}