{"id":59737,"date":"2020-03-31T12:48:00","date_gmt":"2020-03-31T15:48:00","guid":{"rendered":"https:\/\/www.actualidadadiario.com\/?p=59737"},"modified":"2020-03-31T12:48:00","modified_gmt":"2020-03-31T15:48:00","slug":"alberto-afirmo-que-en-la-argentina-nos-estamos-preparando-para-el-peor-escenario","status":"publish","type":"post","link":"https:\/\/www.actualidadadiario.com\/index.php\/2020\/03\/31\/alberto-afirmo-que-en-la-argentina-nos-estamos-preparando-para-el-peor-escenario\/","title":{"rendered":"Alberto afirm\u00f3 que en la Argentina &#8220;nos estamos preparando para el peor escenario&#8221;"},"content":{"rendered":"<p style=\"text-align: center;\"><em><strong>Despu\u00e9s de varias entrevistas en la televisi\u00f3n abierta, inaugur\u00f3 Instagram con una charla con el cantante puertorrique\u00f1o Residente. Habl\u00f3 de la experiencia del pa\u00eds ante el coronavirus y se explay\u00f3 sobre la coyuntura local: el pago de la deuda al FMI, los despidos en Techint y la situaci\u00f3n de los trabajadores<\/strong><\/em><\/p>\n<p>&nbsp;<\/p>\n<p>&nbsp;<\/p>\n<p>En un intento por ampliar sus canales de comunicaci\u00f3n y salirse de lo establecido, despu\u00e9s de haber hablado por varios canales de televisi\u00f3n abierta, el presidente Alberto Fern\u00e1ndez inaugur\u00f3 esta tarde la posibilidad de dar entrevistas a trav\u00e9s de la red social Instagram para explicar la situaci\u00f3n de la Argentina frente a la pandemia del coronavirus y las decisiones de su gobierno en materia de deuda externa. El elegido fue el cantante puertorrique\u00f1o Residente, ex Calle 13, al que le asegur\u00f3 que &#8220;hasta ac\u00e1 los resultados&#8221; del aislamiento preventivo, social y obligatorio &#8220;parecen ser buenos&#8221;, y consider\u00f3 que &#8220;si se sigue cumpliendo&#8221; con la cuarentena &#8220;nos va a ir bien&#8221;, por lo que habr\u00e1 &#8220;menos gente contagiada y que menos argentinos pierdan su vida&#8221;.<\/p>\n<p>Como lo hace habitualmente, el Presidente se pase\u00f3 por toda la coyuntura local y, adem\u00e1s de hablar sobre los despidos en Techint, el tema del d\u00eda, afirm\u00f3 que el pa\u00eds no va &#8220;a pagar la deuda&#8221; con el FMI &#8220;a costa de los argentinos&#8221;, y consider\u00f3 que &#8220;tienen que entender el momento que estamos pasando&#8221;.<\/p>\n<p>En el contexto de la pandemia que sacude al mundo, Fern\u00e1ndez asegur\u00f3 que &#8220;hasta ac\u00e1 los resultados parecen ser buenos, parecen decir que nosotros estamos dominando al virus. Muchos pa\u00edses de Europa, Estados Unidos tambi\u00e9n, impusieron la cuarentena tard\u00edamente cuando el virus se hab\u00eda propagado mucho. Nosotros lo estamos controlando&#8221;.<\/p>\n<p>Durante la charla en vivo por Instagram con Residente, precis\u00f3: &#8220;Lo estamos conteniendo (al virus). Si seguimos cumpliendo con las reglas que nos hemos impuesto, no tengan ninguna duda de que nos va a ir bien. Que nos vaya bien quiere decir que suframos menos, que tengamos menos gente contagiada y que menos argentinos pierdan su vida&#8221;.<\/p>\n<p>Adem\u00e1s, indic\u00f3 que en la Argentina &#8220;nos estamos preparando para el peor escenario&#8221;, ya que &#8220;la l\u00f3gica es ponernos en una extensa cuarentena para darnos tiempo a organizarnos&#8221;.<\/p>\n<p>&#8220;Lo que estamos logrando es que el virus vaya m\u00e1s despacio de persona a persona. La idea es ir ganando tiempo para construir la estructura sanitaria&#8221;, manifest\u00f3.<\/p>\n<p>&nbsp;<\/p>\n<p><strong>La relaci\u00f3n con los acreedores<\/strong><\/p>\n<p>Alberto Fern\u00e1ndez habl\u00f3 tambi\u00e9n sobre la deuda y la situaci\u00f3n de los trabajadores. En un nuevo mensaje a los acreedores, explic\u00f3 que &#8220;no vamos a pagar la deuda a costa de los argentinos. La prioridad en Argentina en este momento es la salud y la vida de los argentinos. Tienen que entender el momento que estamos pasando, y yo conf\u00edo que s\u00ed lo van a entender&#8221;, enfatiz\u00f3 Fern\u00e1ndez.<\/p>\n<p>Adem\u00e1s, ratific\u00f3 que &#8220;nadie se salva solo&#8221;, y destac\u00f3: &#8220;No podemos admitir la cultura del descarte. Tenemos que construir un gran paraguas que a todos nos proteja. Es un gran momento para apelar al sentido m\u00e1s profundo del ser humano, recuperar esos valores&#8221;.<\/p>\n<p>Adem\u00e1s, Fern\u00e1ndez advirti\u00f3 que no permitir\u00e1 los despidos en la empresa Techint y afirm\u00f3 que el Gobierno va a &#8220;cuidar durante los meses venideros el trabajo de los argentinos&#8221;. &#8220;Los despidos no se han concretado ni se van a concretar&#8221;, enfatiz\u00f3.<\/p>\n<p>Fern\u00e1ndez sostuvo que Techint quiso borrar &#8220;de un plumazo&#8221; a 1.450 trabajadores en medio de la pandemia por el coronavirus. &#8220;Yo ah\u00ed fui muy firme, no voy a dejar que eso pase&#8221;, recalc\u00f3.<\/p>\n<p>A la vez, indic\u00f3 que este lunes le dio &#8220;instrucciones al ministro de Trabajo, Claudio Moroni, para impedir los despidos&#8221;, algo que despu\u00e9s se materializ\u00f3 en una conciliaci\u00f3n obligatoria.<\/p>\n","protected":false},"excerpt":{"rendered":"<p>Despu\u00e9s de varias entrevistas en la televisi\u00f3n abierta, inaugur\u00f3 Instagram con una charla con el cantante puertorrique\u00f1o Residente. Habl\u00f3 de la experiencia del pa\u00eds ante el coronavirus y se explay\u00f3 sobre la coyuntura local: el pago de la deuda al FMI, los despidos en Techint y la situaci\u00f3n de los trabajadores &nbsp; &nbsp; En un intento por ampliar sus canales de comunicaci\u00f3n y salirse de lo establecido, despu\u00e9s de haber hablado por varios canales de televisi\u00f3n abierta, el presidente Alberto Fern\u00e1ndez inaugur\u00f3 esta tarde la posibilidad de dar entrevistas a&#8230;<\/p>\n","protected":false},"author":3,"featured_media":59738,"comment_status":"closed","ping_status":"closed","sticky":false,"template":"","format":"standard","meta":[],"categories":[9],"tags":[],"_links":{"self":[{"href":"https:\/\/www.actualidadadiario.com\/index.php\/wp-json\/wp\/v2\/posts\/59737"}],"collection":[{"href":"https:\/\/www.actualidadadiario.com\/index.php\/wp-json\/wp\/v2\/posts"}],"about":[{"href":"https:\/\/www.actualidadadiario.com\/index.php\/wp-json\/wp\/v2\/types\/post"}],"author":[{"embeddable":true,"href":"https:\/\/www.actualidadadiario.com\/index.php\/wp-json\/wp\/v2\/users\/3"}],"replies":[{"embeddable":true,"href":"https:\/\/www.actualidadadiario.com\/index.php\/wp-json\/wp\/v2\/comments?post=59737"}],"version-history":[{"count":1,"href":"https:\/\/www.actualidadadiario.com\/index.php\/wp-json\/wp\/v2\/posts\/59737\/revisions"}],"predecessor-version":[{"id":59739,"href":"https:\/\/www.actualidadadiario.com\/index.php\/wp-json\/wp\/v2\/posts\/59737\/revisions\/59739"}],"wp:featuredmedia":[{"embeddable":true,"href":"https:\/\/www.actualidadadiario.com\/index.php\/wp-json\/wp\/v2\/media\/59738"}],"wp:attachment":[{"href":"https:\/\/www.actualidadadiario.com\/index.php\/wp-json\/wp\/v2\/media?parent=59737"}],"wp:term":[{"taxonomy":"category","embeddable":true,"href":"https:\/\/www.actualidadadiario.com\/index.php\/wp-json\/wp\/v2\/categories?post=59737"},{"taxonomy":"post_tag","embeddable":true,"href":"https:\/\/www.actualidadadiario.com\/index.php\/wp-json\/wp\/v2\/tags?post=59737"}],"curies":[{"name":"wp","href":"https:\/\/api.w.org\/{rel}","templated":true}]}}