{"id":59731,"date":"2020-03-31T12:46:23","date_gmt":"2020-03-31T15:46:23","guid":{"rendered":"https:\/\/www.actualidadadiario.com\/?p=59731"},"modified":"2020-03-31T12:46:23","modified_gmt":"2020-03-31T15:46:23","slug":"tarjeta-alimentar-por-el-coronavirus-sera-cargada-semanalmente","status":"publish","type":"post","link":"https:\/\/www.actualidadadiario.com\/index.php\/2020\/03\/31\/tarjeta-alimentar-por-el-coronavirus-sera-cargada-semanalmente\/","title":{"rendered":"Tarjeta Alimentar: por el coronavirus, ser\u00e1 cargada semanalmente"},"content":{"rendered":"<p style=\"text-align: center;\"><em><strong>La tarjeta Alimentar ser\u00e1 cargada con nuevos fondos\u00a0 semanalmente. As\u00ed lo anunci\u00f3 el Ministerio de Desarrollo Social de la Naci\u00f3n, que adelant\u00f3 que la primera carga semanal ser\u00e1 este mi\u00e9rcoles 1\u00b0 de abril, para acortar los plazos y ayudar a las familias m\u00e1s vulnerables en el marco de la emergencia por el coronavirus. El monto total mensual seguir\u00e1 siendo el mismo<\/strong><\/em><\/p>\n<p>&nbsp;<\/p>\n<p>\u201cLa tarjeta se cargaba habitualmente los terceros viernes de cada mes, pero mientras dure la emergencia por el coronavirus, realizaremos cargas semanales: todos los mi\u00e9rcoles se acreditar\u00e1 dinero para que la gente pueda ir a comprar en los mercados de cercan\u00eda\u201d, explic\u00f3 el ministro Daniel Arroyo.<\/p>\n<p>La decisi\u00f3n se suma a las distintas estrategias que se llevan a cabo para sostener el ingreso de los ciudadanos y reforzar el sistema de asistencia alimentaria. \u201cEl objetivo es acompa\u00f1ar a las familias en un contexto de parate econ\u00f3mico y m\u00e1s necesidades alimentarias, tal como estamos haciendo a trav\u00e9s del apoyo a los comedores, los bonos para quienes reciben AUH o el salario familiar de emergencia\u201d, detall\u00f3 Arroyo.<\/p>\n<p>La tarjeta Alimentar est\u00e1 destinada a madres y padres con hijos o hijas de hasta 6 a\u00f1os de edad que reciben la Asignaci\u00f3n Universal por Hijo (AUH); embarazadas a partir de los tres meses que cobran la Asignaci\u00f3n por Embarazo; y personas con discapacidad que reciben la AUH. Establece un monto de entre 4 mil y 6 mil pesos mensuales \u2013que ahora se dividir\u00e1 para ser acreditado semanalmente&#8211; para comprar todo tipo de alimentos, excepto bebidas alcoh\u00f3licas.<\/p>\n","protected":false},"excerpt":{"rendered":"<p>La tarjeta Alimentar ser\u00e1 cargada con nuevos fondos\u00a0 semanalmente. As\u00ed lo anunci\u00f3 el Ministerio de Desarrollo Social de la Naci\u00f3n, que adelant\u00f3 que la primera carga semanal ser\u00e1 este mi\u00e9rcoles 1\u00b0 de abril, para acortar los plazos y ayudar a las familias m\u00e1s vulnerables en el marco de la emergencia por el coronavirus. El monto total mensual seguir\u00e1 siendo el mismo &nbsp; \u201cLa tarjeta se cargaba habitualmente los terceros viernes de cada mes, pero mientras dure la emergencia por el coronavirus, realizaremos cargas semanales: todos los mi\u00e9rcoles se acreditar\u00e1 dinero&#8230;<\/p>\n","protected":false},"author":3,"featured_media":59732,"comment_status":"closed","ping_status":"closed","sticky":false,"template":"","format":"standard","meta":[],"categories":[9],"tags":[],"_links":{"self":[{"href":"https:\/\/www.actualidadadiario.com\/index.php\/wp-json\/wp\/v2\/posts\/59731"}],"collection":[{"href":"https:\/\/www.actualidadadiario.com\/index.php\/wp-json\/wp\/v2\/posts"}],"about":[{"href":"https:\/\/www.actualidadadiario.com\/index.php\/wp-json\/wp\/v2\/types\/post"}],"author":[{"embeddable":true,"href":"https:\/\/www.actualidadadiario.com\/index.php\/wp-json\/wp\/v2\/users\/3"}],"replies":[{"embeddable":true,"href":"https:\/\/www.actualidadadiario.com\/index.php\/wp-json\/wp\/v2\/comments?post=59731"}],"version-history":[{"count":1,"href":"https:\/\/www.actualidadadiario.com\/index.php\/wp-json\/wp\/v2\/posts\/59731\/revisions"}],"predecessor-version":[{"id":59733,"href":"https:\/\/www.actualidadadiario.com\/index.php\/wp-json\/wp\/v2\/posts\/59731\/revisions\/59733"}],"wp:featuredmedia":[{"embeddable":true,"href":"https:\/\/www.actualidadadiario.com\/index.php\/wp-json\/wp\/v2\/media\/59732"}],"wp:attachment":[{"href":"https:\/\/www.actualidadadiario.com\/index.php\/wp-json\/wp\/v2\/media?parent=59731"}],"wp:term":[{"taxonomy":"category","embeddable":true,"href":"https:\/\/www.actualidadadiario.com\/index.php\/wp-json\/wp\/v2\/categories?post=59731"},{"taxonomy":"post_tag","embeddable":true,"href":"https:\/\/www.actualidadadiario.com\/index.php\/wp-json\/wp\/v2\/tags?post=59731"}],"curies":[{"name":"wp","href":"https:\/\/api.w.org\/{rel}","templated":true}]}}