{"id":59728,"date":"2020-03-31T12:45:32","date_gmt":"2020-03-31T15:45:32","guid":{"rendered":"https:\/\/www.actualidadadiario.com\/?p=59728"},"modified":"2020-03-31T12:45:32","modified_gmt":"2020-03-31T15:45:32","slug":"la-asociacion-de-la-magistratura-respalda-la-creacion-de-un-fondo-solidario-para-combatir-el-coronavirus","status":"publish","type":"post","link":"https:\/\/www.actualidadadiario.com\/index.php\/2020\/03\/31\/la-asociacion-de-la-magistratura-respalda-la-creacion-de-un-fondo-solidario-para-combatir-el-coronavirus\/","title":{"rendered":"La Asociaci\u00f3n de la Magistratura respalda la creaci\u00f3n de un fondo solidario para combatir el coronavirus"},"content":{"rendered":"<p style=\"text-align: center;\"><em><strong>La Asociaci\u00f3n de la Magistratura y la Funci\u00f3n Judicial de la Provincia de Entre R\u00edos acompa\u00f1a la decisi\u00f3n del\u00a0 Superior Tribunal de Justicia (STJ) de crear un fondo solidario con el aporte del 50% del monto correspondiente a la asignaci\u00f3n de la categor\u00eda de quienes acepten sumarse<\/strong><\/em><\/p>\n<p>&nbsp;<\/p>\n<p>&nbsp;<\/p>\n<p>\u201cEsa iniciativa est\u00e1 en sinton\u00eda con la colecta que realizamos la semana pasada entre nuestros asociados y asociadas, logrando reunir un total de 1.516.000 pesos que se destinaron a la compra de insumos para combatir la pandemia en distintas ciudades entrerrianas, a trav\u00e9s de varias instituciones, entre ellas cooperadoras de hospitales y entidades que recolectaban dinero para adquirir respiradores\u201d, se destac\u00f3 desde el Consejo Directivo de la entidad.<\/p>\n","protected":false},"excerpt":{"rendered":"<p>La Asociaci\u00f3n de la Magistratura y la Funci\u00f3n Judicial de la Provincia de Entre R\u00edos acompa\u00f1a la decisi\u00f3n del\u00a0 Superior Tribunal de Justicia (STJ) de crear un fondo solidario con el aporte del 50% del monto correspondiente a la asignaci\u00f3n de la categor\u00eda de quienes acepten sumarse &nbsp; &nbsp; \u201cEsa iniciativa est\u00e1 en sinton\u00eda con la colecta que realizamos la semana pasada entre nuestros asociados y asociadas, logrando reunir un total de 1.516.000 pesos que se destinaron a la compra de insumos para combatir la pandemia en distintas ciudades entrerrianas,&#8230;<\/p>\n","protected":false},"author":3,"featured_media":59729,"comment_status":"closed","ping_status":"closed","sticky":false,"template":"","format":"standard","meta":[],"categories":[15],"tags":[],"_links":{"self":[{"href":"https:\/\/www.actualidadadiario.com\/index.php\/wp-json\/wp\/v2\/posts\/59728"}],"collection":[{"href":"https:\/\/www.actualidadadiario.com\/index.php\/wp-json\/wp\/v2\/posts"}],"about":[{"href":"https:\/\/www.actualidadadiario.com\/index.php\/wp-json\/wp\/v2\/types\/post"}],"author":[{"embeddable":true,"href":"https:\/\/www.actualidadadiario.com\/index.php\/wp-json\/wp\/v2\/users\/3"}],"replies":[{"embeddable":true,"href":"https:\/\/www.actualidadadiario.com\/index.php\/wp-json\/wp\/v2\/comments?post=59728"}],"version-history":[{"count":1,"href":"https:\/\/www.actualidadadiario.com\/index.php\/wp-json\/wp\/v2\/posts\/59728\/revisions"}],"predecessor-version":[{"id":59730,"href":"https:\/\/www.actualidadadiario.com\/index.php\/wp-json\/wp\/v2\/posts\/59728\/revisions\/59730"}],"wp:featuredmedia":[{"embeddable":true,"href":"https:\/\/www.actualidadadiario.com\/index.php\/wp-json\/wp\/v2\/media\/59729"}],"wp:attachment":[{"href":"https:\/\/www.actualidadadiario.com\/index.php\/wp-json\/wp\/v2\/media?parent=59728"}],"wp:term":[{"taxonomy":"category","embeddable":true,"href":"https:\/\/www.actualidadadiario.com\/index.php\/wp-json\/wp\/v2\/categories?post=59728"},{"taxonomy":"post_tag","embeddable":true,"href":"https:\/\/www.actualidadadiario.com\/index.php\/wp-json\/wp\/v2\/tags?post=59728"}],"curies":[{"name":"wp","href":"https:\/\/api.w.org\/{rel}","templated":true}]}}