{"id":59722,"date":"2020-03-31T12:44:09","date_gmt":"2020-03-31T15:44:09","guid":{"rendered":"https:\/\/www.actualidadadiario.com\/?p=59722"},"modified":"2020-03-31T12:44:09","modified_gmt":"2020-03-31T15:44:09","slug":"loggio-el-desmantelamiento-del-conectar-igualdad-fue-un-crimen-y-hoy-estamos-pagando-sus-consecuencias","status":"publish","type":"post","link":"https:\/\/www.actualidadadiario.com\/index.php\/2020\/03\/31\/loggio-el-desmantelamiento-del-conectar-igualdad-fue-un-crimen-y-hoy-estamos-pagando-sus-consecuencias\/","title":{"rendered":"Loggio: \u201cEl desmantelamiento del Conectar Igualdad fue un crimen y hoy estamos pagando sus consecuencias\u201d"},"content":{"rendered":"<p style=\"text-align: center;\"><em><strong>El diputado N\u00e9stor Loggio (Frente Creer) asegur\u00f3 que la decisi\u00f3n de la Administraci\u00f3n de Mauricio Macri de desmantelar y desfinanciar el programa \u201cConectar Igualdad\u201d fue un \u201ccrimen\u201d cuyas consecuencias se est\u00e1n pagando en estos momentos de emergencia<\/strong><\/em><\/p>\n<p>&nbsp;<\/p>\n<p>&nbsp;<\/p>\n<p>Trayendo a colaci\u00f3n los esfuerzos que est\u00e1n haciendo el presidente Alberto Fern\u00e1ndez, el ministro de Educaci\u00f3n Nicol\u00e1s Trotta, el gobernador Gustavo Bordet y sus equipos para seguir poniendo a disposici\u00f3n de docentes y estudiantes contenidos educativos en medio de la cuarentena, Loggio destac\u00f3 la impronta del programa lanzado en 2010.<\/p>\n<p>\u201cSi el Gobierno de Cambiemos no hubiera dejado de lado el Conectar Igualdad como pol\u00edtica inclusiva de educaci\u00f3n y desarrollo, docentes y alumnos tendr\u00edan hoy mejores herramientas para seguir desarrollando contenidos en medio de la suspensi\u00f3n temporal de clases obligada por la pandemia del Coronavirus\u201d, sostuvo.<\/p>\n<p>A rengl\u00f3n seguido, remarc\u00f3: \u201cEsto afecta sobre todo a los sectores humildes y marginados que dicho sea de paso aumentaron su n\u00famero durante el macrismo\u201d. \u201cEn momentos de emergencia, como los que estamos pasando, es cuando m\u00e1s se vivencia la necesidad del Estado y cuando tambi\u00e9n m\u00e1s padecemos los da\u00f1os estructurales que le infringi\u00f3 el Gobierno de Cambiemos\u201d, subray\u00f3.<\/p>\n<p>El legislador record\u00f3 que cuando se implement\u00f3 el Conectar Igualdad, la estad\u00edstica marcaba que uno de cada dos chicos en la Argentina no ten\u00eda una PC. Poniendo la lupa sobre el dato, se observaba en sectores empobrecidos no hab\u00eda computadoras y que en los medios y altos hab\u00eda m\u00e1s de una y, adem\u00e1s, los colegios a los que asist\u00edan tambi\u00e9n contaban con herramientas tecnol\u00f3gicas.<\/p>\n<p>\u201cLa brecha digital, educativa\u00a0 social que hab\u00eda comenzado a superar el Conectar Igualdad se abri\u00f3 nuevamente durante los cuatro a\u00f1os de la gesti\u00f3n pasada. Hoy vemos c\u00f3mo el Estado, los docentes y los alumnos tienen que apelar a recursos extremos para garantizar el derecho a la educaci\u00f3n en tiempos de pandemia con las escuelas sin chicos ni chicas. La herramienta hubiera sido el Conectar Igualdad, pero fue abandonada\u201d, consign\u00f3.<\/p>\n<p>Loggio record\u00f3 tambi\u00e9n que, a julio de 2015, se hab\u00edan entregado 5 millones de netbooks y que estaba prevista la distribuci\u00f3n de 800 mil m\u00e1s. El Gobierno de Cambiemos, sin embargo, discontinu\u00f3 esta pol\u00edtica y cerr\u00f3 la entrega a educadores y educandos.<\/p>\n<p>Al respecto, el diputado provincial trajo a colaci\u00f3n que en el mes de febrero se encontraron en un dep\u00f3sito del Correo Argentino m\u00e1s de 100 mil notebooks que no hab\u00edan sido distribuidas. Su utilidad en estos d\u00edas est\u00e1 siendo analizada ya que al tratarse de equipos de m\u00e1s de 3 a\u00f1os de antig\u00fcedad sin actualizaciones, podr\u00edan ser obsoletos.<\/p>\n<p>\u201cLa destrucci\u00f3n de esta herramienta es uno de los ejes de una pol\u00edtica educativa signada por la insularizaci\u00f3n, por la fragmentaci\u00f3n: el Gobierno de Cambiemos transform\u00f3 un proyecto educativo nacional en un archipi\u00e9lago de 24 islas libradas a su suerte, seg\u00fan sus propios presupuestos y prioridades, anulando las paritarias nacionales y forzando una provincializaci\u00f3n sin recursos de programas\u201d, sostuvo.<\/p>\n<p>El Conectar Igualdad \u201cno era solo la entrega de los equipos a alumnos y docentes. Era la producci\u00f3n de contenidos educativos por profesionales de Argentina, el desarrollo de un software nacional sobre plataforma libre (el Huayra) y la integraci\u00f3n del sistema socio-educativo con el productivo, ya que el equipamiento se fabricaba y ensamblaba en el complejo industrial tecnol\u00f3gico de Tierra del Fuego, hoy herrumbrado\u201d, concluy\u00f3.<\/p>\n","protected":false},"excerpt":{"rendered":"<p>El diputado N\u00e9stor Loggio (Frente Creer) asegur\u00f3 que la decisi\u00f3n de la Administraci\u00f3n de Mauricio Macri de desmantelar y desfinanciar el programa \u201cConectar Igualdad\u201d fue un \u201ccrimen\u201d cuyas consecuencias se est\u00e1n pagando en estos momentos de emergencia &nbsp; &nbsp; Trayendo a colaci\u00f3n los esfuerzos que est\u00e1n haciendo el presidente Alberto Fern\u00e1ndez, el ministro de Educaci\u00f3n Nicol\u00e1s Trotta, el gobernador Gustavo Bordet y sus equipos para seguir poniendo a disposici\u00f3n de docentes y estudiantes contenidos educativos en medio de la cuarentena, Loggio destac\u00f3 la impronta del programa lanzado en 2010. \u201cSi&#8230;<\/p>\n","protected":false},"author":3,"featured_media":59723,"comment_status":"closed","ping_status":"closed","sticky":false,"template":"","format":"standard","meta":[],"categories":[15],"tags":[],"_links":{"self":[{"href":"https:\/\/www.actualidadadiario.com\/index.php\/wp-json\/wp\/v2\/posts\/59722"}],"collection":[{"href":"https:\/\/www.actualidadadiario.com\/index.php\/wp-json\/wp\/v2\/posts"}],"about":[{"href":"https:\/\/www.actualidadadiario.com\/index.php\/wp-json\/wp\/v2\/types\/post"}],"author":[{"embeddable":true,"href":"https:\/\/www.actualidadadiario.com\/index.php\/wp-json\/wp\/v2\/users\/3"}],"replies":[{"embeddable":true,"href":"https:\/\/www.actualidadadiario.com\/index.php\/wp-json\/wp\/v2\/comments?post=59722"}],"version-history":[{"count":1,"href":"https:\/\/www.actualidadadiario.com\/index.php\/wp-json\/wp\/v2\/posts\/59722\/revisions"}],"predecessor-version":[{"id":59724,"href":"https:\/\/www.actualidadadiario.com\/index.php\/wp-json\/wp\/v2\/posts\/59722\/revisions\/59724"}],"wp:featuredmedia":[{"embeddable":true,"href":"https:\/\/www.actualidadadiario.com\/index.php\/wp-json\/wp\/v2\/media\/59723"}],"wp:attachment":[{"href":"https:\/\/www.actualidadadiario.com\/index.php\/wp-json\/wp\/v2\/media?parent=59722"}],"wp:term":[{"taxonomy":"category","embeddable":true,"href":"https:\/\/www.actualidadadiario.com\/index.php\/wp-json\/wp\/v2\/categories?post=59722"},{"taxonomy":"post_tag","embeddable":true,"href":"https:\/\/www.actualidadadiario.com\/index.php\/wp-json\/wp\/v2\/tags?post=59722"}],"curies":[{"name":"wp","href":"https:\/\/api.w.org\/{rel}","templated":true}]}}