{"id":59719,"date":"2020-03-31T12:43:27","date_gmt":"2020-03-31T15:43:27","guid":{"rendered":"https:\/\/www.actualidadadiario.com\/?p=59719"},"modified":"2020-03-31T12:43:27","modified_gmt":"2020-03-31T15:43:27","slug":"se-confirmaron-tres-nuevos-casos-de-covid-19-en-entre-rios","status":"publish","type":"post","link":"https:\/\/www.actualidadadiario.com\/index.php\/2020\/03\/31\/se-confirmaron-tres-nuevos-casos-de-covid-19-en-entre-rios\/","title":{"rendered":"Se confirmaron tres nuevos casos de COVID-19 en Entre R\u00edos"},"content":{"rendered":"<p style=\"text-align: center;\"><em><strong>El Ministerio de Salud de Entre R\u00edos confirm\u00f3 tres nuevos casos positivos de COVID-19 en la provincia. De esta manera, la cifra de infectados asciende a 13<\/strong><\/em><\/p>\n<p>&nbsp;<\/p>\n<p>&nbsp;<\/p>\n<p>Se trata de adultos j\u00f3venes de Gualeguaych\u00fa, Col\u00f3n y Concordia, con antecedentes de viaje al exterior.<\/p>\n<p>Todos se encuentran en buen estado general de salud y cumpliendo con el protocolo de aislamiento.<\/p>\n<p>De esta manera, en la provincia hay 13 casos confirmados, 68 en estudio y 74 descartados en total.<\/p>\n","protected":false},"excerpt":{"rendered":"<p>El Ministerio de Salud de Entre R\u00edos confirm\u00f3 tres nuevos casos positivos de COVID-19 en la provincia. De esta manera, la cifra de infectados asciende a 13 &nbsp; &nbsp; Se trata de adultos j\u00f3venes de Gualeguaych\u00fa, Col\u00f3n y Concordia, con antecedentes de viaje al exterior. Todos se encuentran en buen estado general de salud y cumpliendo con el protocolo de aislamiento. De esta manera, en la provincia hay 13 casos confirmados, 68 en estudio y 74 descartados en total.<\/p>\n","protected":false},"author":3,"featured_media":59720,"comment_status":"closed","ping_status":"closed","sticky":false,"template":"","format":"standard","meta":[],"categories":[15],"tags":[],"_links":{"self":[{"href":"https:\/\/www.actualidadadiario.com\/index.php\/wp-json\/wp\/v2\/posts\/59719"}],"collection":[{"href":"https:\/\/www.actualidadadiario.com\/index.php\/wp-json\/wp\/v2\/posts"}],"about":[{"href":"https:\/\/www.actualidadadiario.com\/index.php\/wp-json\/wp\/v2\/types\/post"}],"author":[{"embeddable":true,"href":"https:\/\/www.actualidadadiario.com\/index.php\/wp-json\/wp\/v2\/users\/3"}],"replies":[{"embeddable":true,"href":"https:\/\/www.actualidadadiario.com\/index.php\/wp-json\/wp\/v2\/comments?post=59719"}],"version-history":[{"count":1,"href":"https:\/\/www.actualidadadiario.com\/index.php\/wp-json\/wp\/v2\/posts\/59719\/revisions"}],"predecessor-version":[{"id":59721,"href":"https:\/\/www.actualidadadiario.com\/index.php\/wp-json\/wp\/v2\/posts\/59719\/revisions\/59721"}],"wp:featuredmedia":[{"embeddable":true,"href":"https:\/\/www.actualidadadiario.com\/index.php\/wp-json\/wp\/v2\/media\/59720"}],"wp:attachment":[{"href":"https:\/\/www.actualidadadiario.com\/index.php\/wp-json\/wp\/v2\/media?parent=59719"}],"wp:term":[{"taxonomy":"category","embeddable":true,"href":"https:\/\/www.actualidadadiario.com\/index.php\/wp-json\/wp\/v2\/categories?post=59719"},{"taxonomy":"post_tag","embeddable":true,"href":"https:\/\/www.actualidadadiario.com\/index.php\/wp-json\/wp\/v2\/tags?post=59719"}],"curies":[{"name":"wp","href":"https:\/\/api.w.org\/{rel}","templated":true}]}}