{"id":59716,"date":"2020-03-31T12:42:45","date_gmt":"2020-03-31T15:42:45","guid":{"rendered":"https:\/\/www.actualidadadiario.com\/?p=59716"},"modified":"2020-03-31T12:42:45","modified_gmt":"2020-03-31T15:42:45","slug":"entre-rios-no-exigira-el-certificado-unico-de-circulacion-mientras-este-colapsado-el-sistema","status":"publish","type":"post","link":"https:\/\/www.actualidadadiario.com\/index.php\/2020\/03\/31\/entre-rios-no-exigira-el-certificado-unico-de-circulacion-mientras-este-colapsado-el-sistema\/","title":{"rendered":"Entre R\u00edos no exigir\u00e1 el Certificado \u00danico de Circulaci\u00f3n mientras est\u00e9 colapsado el sistema"},"content":{"rendered":"<p style=\"text-align: center;\"><em><strong>As\u00ed lo confirm\u00f3 el Jefe de Polic\u00eda, Gustavo Maslein, en la conferencia de prensa del estado de la situaci\u00f3n por el Covid-19. Sostuvo que, ante los problemas para acceder al sistema anunciado por el gobierno nacional, en la provincia no se exigir\u00e1 hasta tanto se normalice la situaci\u00f3n<\/strong><\/em><\/p>\n<p>&nbsp;<\/p>\n<p>&nbsp;<\/p>\n<p>En el marco de la emergencia sanitaria, el gobierno nacional estableci\u00f3 un certificado \u00fanico habilitante para circular en la v\u00eda p\u00fablica, destinado a aquellas personas exceptuadas del aislamiento social, preventivo y obligatorio (art\u00edculo 6\u00b0 del Decreto N\u00b0 297\/2020), as\u00ed como tambi\u00e9n para las excepciones que se establezcan en el futuro. Este certificado en principio ser\u00e1 obligatorio para la Ciudad Aut\u00f3noma de Buenos Aires y la provincia, pero al generarse mucho congestionamiento en la red, la provincia de Entre R\u00edos decidi\u00f3 no exigirlo hasta tanto la poblaci\u00f3n lo pueda obtener de manera sencilla.<\/p>\n<p>Al respecto, el jefe de la Polic\u00eda de Entre R\u00edos, Gustavo Maslein, aclar\u00f3 este mediod\u00eda que, dada la gran cantidad de consultas de los que han intentado ingresar al sistema para obtenerlo y no han tenido resultados, en Entre R\u00edos se continuar\u00e1n aceptando los certificados locales.<\/p>\n<p>\u201cHemos recibido cantidad de consultas de personas que han intentado ingresar a un sistema nacional para la excepci\u00f3n. S\u00e9 que es dif\u00edcil acceder, es una medida para Buenos Aires. Nosotros continuamos trabajando con aquella constancia que les dan los empleadores a los empleados, recibo de sueldo, la declaraci\u00f3n jurada por cuidado de personas mayores, o el certificado m\u00e9dico e historia cl\u00ednica de quien se traslade por razones de salud. Siempre portando su DNI. Tambi\u00e9n, muchas veces el personal chequea n\u00fameros telef\u00f3nicos que hacen referencia en esos permisos para estar acreditando tal situaci\u00f3n\u201d, aclar\u00f3 el Jefe de Polic\u00eda.<\/p>\n<p>Adem\u00e1s, Maslein sostuvo que la fuerza policial \u201ccontin\u00faa trabajando con los controles en ciudades, rutas y los siete puestos camineros lim\u00edtrofes, para controlar a quienes ingresan a la Provincia, teniendo siempre en cuenta todas las excepciones y prohibiciones que hace menci\u00f3n el decreto nacional\u201d.<\/p>\n<p>\u201cQuiero comentarles que se han realizado miles de notificaciones por cuarentena, por incumplimiento al decreto, pero ten\u00edamos la dificultad de que un grupo min\u00fasculo no hac\u00eda acatamiento a las directivas del personal policial. Por eso nuestra polic\u00eda desarroll\u00f3 un sistema inform\u00e1tico para controlar a cada uno que se notifica. Este fin de semana detectamos alrededor de 80 incumplimientos que ya estaban cargados en el Sistema y elevamos la consulta al Juzgado Federal y deriv\u00f3 en detenciones\u201d, inform\u00f3 el Jefe de Polic\u00eda.<\/p>\n","protected":false},"excerpt":{"rendered":"<p>As\u00ed lo confirm\u00f3 el Jefe de Polic\u00eda, Gustavo Maslein, en la conferencia de prensa del estado de la situaci\u00f3n por el Covid-19. Sostuvo que, ante los problemas para acceder al sistema anunciado por el gobierno nacional, en la provincia no se exigir\u00e1 hasta tanto se normalice la situaci\u00f3n &nbsp; &nbsp; En el marco de la emergencia sanitaria, el gobierno nacional estableci\u00f3 un certificado \u00fanico habilitante para circular en la v\u00eda p\u00fablica, destinado a aquellas personas exceptuadas del aislamiento social, preventivo y obligatorio (art\u00edculo 6\u00b0 del Decreto N\u00b0 297\/2020), as\u00ed como&#8230;<\/p>\n","protected":false},"author":3,"featured_media":59717,"comment_status":"closed","ping_status":"closed","sticky":false,"template":"","format":"standard","meta":[],"categories":[15],"tags":[],"_links":{"self":[{"href":"https:\/\/www.actualidadadiario.com\/index.php\/wp-json\/wp\/v2\/posts\/59716"}],"collection":[{"href":"https:\/\/www.actualidadadiario.com\/index.php\/wp-json\/wp\/v2\/posts"}],"about":[{"href":"https:\/\/www.actualidadadiario.com\/index.php\/wp-json\/wp\/v2\/types\/post"}],"author":[{"embeddable":true,"href":"https:\/\/www.actualidadadiario.com\/index.php\/wp-json\/wp\/v2\/users\/3"}],"replies":[{"embeddable":true,"href":"https:\/\/www.actualidadadiario.com\/index.php\/wp-json\/wp\/v2\/comments?post=59716"}],"version-history":[{"count":1,"href":"https:\/\/www.actualidadadiario.com\/index.php\/wp-json\/wp\/v2\/posts\/59716\/revisions"}],"predecessor-version":[{"id":59718,"href":"https:\/\/www.actualidadadiario.com\/index.php\/wp-json\/wp\/v2\/posts\/59716\/revisions\/59718"}],"wp:featuredmedia":[{"embeddable":true,"href":"https:\/\/www.actualidadadiario.com\/index.php\/wp-json\/wp\/v2\/media\/59717"}],"wp:attachment":[{"href":"https:\/\/www.actualidadadiario.com\/index.php\/wp-json\/wp\/v2\/media?parent=59716"}],"wp:term":[{"taxonomy":"category","embeddable":true,"href":"https:\/\/www.actualidadadiario.com\/index.php\/wp-json\/wp\/v2\/categories?post=59716"},{"taxonomy":"post_tag","embeddable":true,"href":"https:\/\/www.actualidadadiario.com\/index.php\/wp-json\/wp\/v2\/tags?post=59716"}],"curies":[{"name":"wp","href":"https:\/\/api.w.org\/{rel}","templated":true}]}}