{"id":59711,"date":"2020-03-31T12:40:42","date_gmt":"2020-03-31T15:40:42","guid":{"rendered":"https:\/\/www.actualidadadiario.com\/?p=59711"},"modified":"2020-03-31T12:40:42","modified_gmt":"2020-03-31T15:40:42","slug":"el-gobierno-provincial-trabaja-en-politicas-de-acompanamiento-a-los-sectores-afectados-por-la-cuarentena","status":"publish","type":"post","link":"https:\/\/www.actualidadadiario.com\/index.php\/2020\/03\/31\/el-gobierno-provincial-trabaja-en-politicas-de-acompanamiento-a-los-sectores-afectados-por-la-cuarentena\/","title":{"rendered":"El gobierno provincial trabaja en pol\u00edticas de acompa\u00f1amiento a los sectores afectados por la cuarentena"},"content":{"rendered":"<p style=\"text-align: center;\"><em><strong>El gobernador Gustavo Bordet instruy\u00f3 a los Ministerios de Econom\u00eda y de Producci\u00f3n que elaboren pol\u00edticas de acompa\u00f1amiento para aquellos sectores de la econom\u00eda, como el de servicio y el comercial, que resultaron afectados por la cuarentena<\/strong><\/em><\/p>\n<p>&nbsp;<\/p>\n<p>&nbsp;<\/p>\n<p>Al t\u00e9rmino de la reuni\u00f3n de gabinete realizada este lunes, la vicegobernadora Laura Stratta, coment\u00f3 que &#8220;en primer lugar el gobernador comparti\u00f3 con el equipo de gobierno cu\u00e1les fueron los ejes tem\u00e1ticos de la reuni\u00f3n de ayer con el presidente Alberto Fern\u00e1ndez y los 24 gobernadores\u201d. \u201cHizo una s\u00edntesis de cu\u00e1les hab\u00edan sido los nucleamientos, las ideas centrales y la extensi\u00f3n de la cuarentena, pero tambi\u00e9n se efectu\u00f3 un an\u00e1lisis del fortalecimiento del sistema sanitario, de las obras que se est\u00e1n ejecutando en los hospitales para poder fortalecer la red sanitaria no solamente p\u00fablica sino tambi\u00e9n privada\u201d, acot\u00f3.<\/p>\n<p>\u201cTambi\u00e9n abordamos la dimensi\u00f3n social, las decisiones que se han tomado en el \u00e1mbito nacional, adem\u00e1s de las estrategias provinciales que son muy claras en los \u00e1mbitos de contenci\u00f3n social y vuelcan miles de millones que quedan en Entre R\u00edos en los sujetos, en las jubilaciones, en la Asignaci\u00f3n Universal por Hijo, en la tarjeta Alimentar, pero tambi\u00e9n en los comedores escolares y en el refuerzo alimentario\u201d.<\/p>\n<p>A continuaci\u00f3n, Stratta precis\u00f3 que \u201cel gobernador ha instruido al ministro de la Producci\u00f3n y al ministro de Econom\u00eda para que puedan tomar decisiones y elaborar pol\u00edticas de acompa\u00f1amiento a aquellos sectores de la econom\u00eda, como los de servicio y el comercial, que son de alguna manera los m\u00e1s afectados en este contexto de cuarentena preventiva y obligatoria\u201d. Y Acot\u00f3: \u201cEn este aspecto no solamente en las reuniones de gabinete abordamos la situaci\u00f3n sanitaria, la dimensi\u00f3n social que tambi\u00e9n claramente se ha evaluado el impacto, sino tambi\u00e9n la de los sistemas de producci\u00f3n, la de los sistemas del sector servicio y el sistema comercial que en nuestra provincia es muy importante y que va a requerir un enfoque justamente particular de acuerdo a las caracter\u00edsticas de cada sector\u201d.<\/p>\n<p>Luego sostuvo que \u201cel esfuerzo es enorme porque cuando la econom\u00eda est\u00e1 parada tambi\u00e9n los ingresos del Estado provincial paran y por eso es importante que los esfuerzos sean compartidos\u201d. En ese marco se\u00f1al\u00f3 que el Poder Legislativo acompa\u00f1\u00f3 la reducci\u00f3n de sueldos propuesta desde el Ejecutivo.<\/p>\n<p>\u201cTambi\u00e9n es muy importante que en el marco de la cuarentena preventiva y obligatoria podamos cuidarnos, cuidar a otros pero no estigmatizar en este aspecto. Hay muchos mensajes, las redes sociales ofician de alguna manera de medio para hacer circular noticias que son falsas y para estigmatizar gente que cumple con la cuarentena y que tambi\u00e9n debe ser tratada por el sistema sanitario como corresponde y como al Estado le compete\u201d, concluy\u00f3 la vicegobernadora.<\/p>\n","protected":false},"excerpt":{"rendered":"<p>El gobernador Gustavo Bordet instruy\u00f3 a los Ministerios de Econom\u00eda y de Producci\u00f3n que elaboren pol\u00edticas de acompa\u00f1amiento para aquellos sectores de la econom\u00eda, como el de servicio y el comercial, que resultaron afectados por la cuarentena &nbsp; &nbsp; Al t\u00e9rmino de la reuni\u00f3n de gabinete realizada este lunes, la vicegobernadora Laura Stratta, coment\u00f3 que &#8220;en primer lugar el gobernador comparti\u00f3 con el equipo de gobierno cu\u00e1les fueron los ejes tem\u00e1ticos de la reuni\u00f3n de ayer con el presidente Alberto Fern\u00e1ndez y los 24 gobernadores\u201d. \u201cHizo una s\u00edntesis de cu\u00e1les&#8230;<\/p>\n","protected":false},"author":3,"featured_media":59709,"comment_status":"closed","ping_status":"closed","sticky":false,"template":"","format":"standard","meta":[],"categories":[9],"tags":[],"_links":{"self":[{"href":"https:\/\/www.actualidadadiario.com\/index.php\/wp-json\/wp\/v2\/posts\/59711"}],"collection":[{"href":"https:\/\/www.actualidadadiario.com\/index.php\/wp-json\/wp\/v2\/posts"}],"about":[{"href":"https:\/\/www.actualidadadiario.com\/index.php\/wp-json\/wp\/v2\/types\/post"}],"author":[{"embeddable":true,"href":"https:\/\/www.actualidadadiario.com\/index.php\/wp-json\/wp\/v2\/users\/3"}],"replies":[{"embeddable":true,"href":"https:\/\/www.actualidadadiario.com\/index.php\/wp-json\/wp\/v2\/comments?post=59711"}],"version-history":[{"count":1,"href":"https:\/\/www.actualidadadiario.com\/index.php\/wp-json\/wp\/v2\/posts\/59711\/revisions"}],"predecessor-version":[{"id":59712,"href":"https:\/\/www.actualidadadiario.com\/index.php\/wp-json\/wp\/v2\/posts\/59711\/revisions\/59712"}],"wp:featuredmedia":[{"embeddable":true,"href":"https:\/\/www.actualidadadiario.com\/index.php\/wp-json\/wp\/v2\/media\/59709"}],"wp:attachment":[{"href":"https:\/\/www.actualidadadiario.com\/index.php\/wp-json\/wp\/v2\/media?parent=59711"}],"wp:term":[{"taxonomy":"category","embeddable":true,"href":"https:\/\/www.actualidadadiario.com\/index.php\/wp-json\/wp\/v2\/categories?post=59711"},{"taxonomy":"post_tag","embeddable":true,"href":"https:\/\/www.actualidadadiario.com\/index.php\/wp-json\/wp\/v2\/tags?post=59711"}],"curies":[{"name":"wp","href":"https:\/\/api.w.org\/{rel}","templated":true}]}}