{"id":59702,"date":"2020-03-30T13:50:38","date_gmt":"2020-03-30T16:50:38","guid":{"rendered":"https:\/\/www.actualidadadiario.com\/?p=59702"},"modified":"2020-03-30T13:50:38","modified_gmt":"2020-03-30T16:50:38","slug":"italia-vive-hoy-la-peor-fase-de-la-pandemia-con-mas-de-10-000-muertes","status":"publish","type":"post","link":"https:\/\/www.actualidadadiario.com\/index.php\/2020\/03\/30\/italia-vive-hoy-la-peor-fase-de-la-pandemia-con-mas-de-10-000-muertes\/","title":{"rendered":"Italia vive hoy la &#8220;peor fase&#8221; de la pandemia con m\u00e1s de 10.000 muertes"},"content":{"rendered":"<p style=\"text-align: center;\"><em><strong>Registra m\u00e1s de 10.000 muertes y de 100.000 contagios. La cifra de curados tambi\u00e9n subi\u00f3. La cuarentena vence el 3 de abril<\/strong><\/em><\/p>\n<p>&nbsp;<\/p>\n<p>&nbsp;<\/p>\n<p>&nbsp;<\/p>\n<p>El primer ministro italiano, Giuseppe Conte, reconoci\u00f3 que su pa\u00eds est\u00e1 &#8220;en la fase m\u00e1s aguda&#8221; de la pandemia de coronavirus, tras haber superado las 10.000 v\u00edctimas y registrar casi 100.000 contagiados.<\/p>\n<p>&#8220;Estamos en la fase m\u00e1s aguda. Es dif\u00edcil hacer previsiones exactas. Los expertos son prudentes todav\u00eda, pero es razonable pensar que estamos cerca del pico&#8221;, dijo el premier en una entrevista con el diario El Pa\u00eds publicada este lunes.<\/p>\n<p>&#8220;El s\u00e1bado superamos las 10.000 v\u00edctimas y eso nos hiere profundamente y debe alertar a la comunidad internacional. Pero al mismo tiempo, tambi\u00e9n tuvimos ayer el n\u00famero r\u00e9cord de curados: 1.434&#8221;, sostuvo, en referencia a las cifras del s\u00e1bado.<\/p>\n<p>Con 97.889 contagiados, las autoridades italianas sostienen que en un &#8220;m\u00e1ximo de diez d\u00edas&#8221; podr\u00edan empezar a observarse los descensos en v\u00edctimas y nuevos casos de Covid-19, una vez que se vean los efectos concretos de las medidas de aislamiento tomadas desde el 11 de marzo.<\/p>\n<p>&#8220;Queremos salir cuanto antes de esta crisis para, entre otras cosas, poder ayudar con m\u00e9dicos, respiradores y dispositivos de protecci\u00f3n personal a otros pa\u00edses&#8221;, se\u00f1al\u00f3 Conte.<\/p>\n<p>Italia dispuso un cierre de todas las actividades no esenciales que vence este 3 de abril, aunque el propio premier ya adelant\u00f3 que esa medida y otras como la suspensi\u00f3n de clases ser\u00e1n prorrogadas, aunque sin fecha confirmada.<\/p>\n<p>&#8220;Es una medida muy dura econ\u00f3micamente. Es la \u00faltima que hemos tomado y no puede prolongarse demasiado&#8221;, reconoci\u00f3 Conte sobre el cierre de la producci\u00f3n.<\/p>\n<p>En cambio, dej\u00f3 abierta la puerta a una flexibilizaci\u00f3n de las medidas en otros rubros y plante\u00f3 que &#8220;para las escuelas y las universidades, en cambio, se pueden intentar introducir modificaciones. Tambi\u00e9n para los ex\u00e1menes y evaluaciones de fin de a\u00f1o para que no hagan perder a los estudiantes el a\u00f1o lectivo o el examen universitario&#8221;.<\/p>\n<p>En esta l\u00ednea, la cartera a cargo de Elizabeth G\u00f3mez Alcorta inform\u00f3 que desde el Ministerio decidieron reforzar las acciones y dispositivos nacionales de atenci\u00f3n a las personas en situaci\u00f3n de violencia por motivos de g\u00e9nero.<\/p>\n<p>Por \u00faltimo, cabe apuntar que la l\u00ednea 144 contin\u00faa atendiendo normalmente. Adem\u00e1s, sumaron el mail linea144@mingeneros.gob.ar y dos n\u00fameros para comunicarse v\u00eda WhatsApp (+54 11 2771-6463\/ +54 11 2775 9047\/48). El organismo lanz\u00f3 tambi\u00e9n una aplicaci\u00f3n gratuita para celulares.<\/p>\n","protected":false},"excerpt":{"rendered":"<p>Registra m\u00e1s de 10.000 muertes y de 100.000 contagios. La cifra de curados tambi\u00e9n subi\u00f3. La cuarentena vence el 3 de abril &nbsp; &nbsp; &nbsp; El primer ministro italiano, Giuseppe Conte, reconoci\u00f3 que su pa\u00eds est\u00e1 &#8220;en la fase m\u00e1s aguda&#8221; de la pandemia de coronavirus, tras haber superado las 10.000 v\u00edctimas y registrar casi 100.000 contagiados. &#8220;Estamos en la fase m\u00e1s aguda. Es dif\u00edcil hacer previsiones exactas. Los expertos son prudentes todav\u00eda, pero es razonable pensar que estamos cerca del pico&#8221;, dijo el premier en una entrevista con el&#8230;<\/p>\n","protected":false},"author":3,"featured_media":59703,"comment_status":"closed","ping_status":"closed","sticky":false,"template":"","format":"standard","meta":[],"categories":[4],"tags":[],"_links":{"self":[{"href":"https:\/\/www.actualidadadiario.com\/index.php\/wp-json\/wp\/v2\/posts\/59702"}],"collection":[{"href":"https:\/\/www.actualidadadiario.com\/index.php\/wp-json\/wp\/v2\/posts"}],"about":[{"href":"https:\/\/www.actualidadadiario.com\/index.php\/wp-json\/wp\/v2\/types\/post"}],"author":[{"embeddable":true,"href":"https:\/\/www.actualidadadiario.com\/index.php\/wp-json\/wp\/v2\/users\/3"}],"replies":[{"embeddable":true,"href":"https:\/\/www.actualidadadiario.com\/index.php\/wp-json\/wp\/v2\/comments?post=59702"}],"version-history":[{"count":1,"href":"https:\/\/www.actualidadadiario.com\/index.php\/wp-json\/wp\/v2\/posts\/59702\/revisions"}],"predecessor-version":[{"id":59704,"href":"https:\/\/www.actualidadadiario.com\/index.php\/wp-json\/wp\/v2\/posts\/59702\/revisions\/59704"}],"wp:featuredmedia":[{"embeddable":true,"href":"https:\/\/www.actualidadadiario.com\/index.php\/wp-json\/wp\/v2\/media\/59703"}],"wp:attachment":[{"href":"https:\/\/www.actualidadadiario.com\/index.php\/wp-json\/wp\/v2\/media?parent=59702"}],"wp:term":[{"taxonomy":"category","embeddable":true,"href":"https:\/\/www.actualidadadiario.com\/index.php\/wp-json\/wp\/v2\/categories?post=59702"},{"taxonomy":"post_tag","embeddable":true,"href":"https:\/\/www.actualidadadiario.com\/index.php\/wp-json\/wp\/v2\/tags?post=59702"}],"curies":[{"name":"wp","href":"https:\/\/api.w.org\/{rel}","templated":true}]}}