{"id":59695,"date":"2020-03-30T13:48:47","date_gmt":"2020-03-30T16:48:47","guid":{"rendered":"https:\/\/www.actualidadadiario.com\/?p=59695"},"modified":"2020-03-30T13:48:47","modified_gmt":"2020-03-30T16:48:47","slug":"los-juegos-olimpicos-ya-tienen-nueva-fecha","status":"publish","type":"post","link":"https:\/\/www.actualidadadiario.com\/index.php\/2020\/03\/30\/los-juegos-olimpicos-ya-tienen-nueva-fecha\/","title":{"rendered":"Los Juegos Ol\u00edmpicos ya tienen nueva fecha"},"content":{"rendered":"<p style=\"text-align: center;\"><em><strong>El Comit\u00e9 Ol\u00edmpico Internacional (COI) y el Comit\u00e9 Organizador de Tokio 2020 confirmaron este lunes las nuevas fechas para el desarrollo de los Juegos Ol\u00edmpicos, justo un a\u00f1o despu\u00e9s de la fecha original en los que estaban previstos<\/strong><\/em><\/p>\n<p>&nbsp;<\/p>\n<p>&nbsp;<\/p>\n<p>A trav\u00e9s de un comunicado, el COI anunci\u00f3 las nuevas fechas, que incluyen la ceremonia de apertura para el 23 de agosto de 2021 y la clausura para el domingo 8 de agosto. En simult\u00e1neo, el presidente del comit\u00e9 organizador, Yoshiro Mori, lo anunci\u00f3 en una rueda de prensa, poco despu\u00e9s de conversar telef\u00f3nicamente con el presidente del COI, Thomas Bach.<\/p>\n<p>La nueva fecha fue propuesta por los organizadores teniendo en cuenta que se quer\u00eda conceder &#8220;suficiente tiempo para los preparativos&#8221; de los atletas y del resto de los protagonistas implicados, as\u00ed como que se consideraba preferible que los Juegos tuvieran lugar en un per\u00edodo vacacional, seg\u00fan explic\u00f3 Mori.<\/p>\n<p>&#8220;Debido a la situaci\u00f3n del coronavirus, tambi\u00e9n cre\u00edamos que era mejor que los Juegos fueran en verano&#8221;, a\u00f1adi\u00f3 el presidente del comit\u00e9 organizador sobre la necesidad de dar tiempo a que se normalice la situaci\u00f3n.<\/p>\n<p>Los pr\u00f3ximos Juegos Ol\u00edmpicos iban a empezar el 24 de julio de este a\u00f1o, pero el 24 de marzo pasado se anunci\u00f3 que quedaban aplazados a causa del Covid-19, que hab\u00eda obligado a cancelar gran parte de los eventos clasificatorios, a suspender los entrenamientos de los atletas y a restringir los desplazamientos internacionales.<\/p>\n<p>De acuerdo con lo anunciado por Mori, las pruebas ol\u00edmpicas comenzar\u00e1n ahora el 23 de julio de 2021 y terminar\u00e1n el 8 de agosto siguiente. Los Juegos Paral\u00edmpicos, por su parte, comenzar\u00e1n el 24 de agosto y se cerrar\u00e1n el 5 de septiembre. Son las mismas fechas que estaban previstas para 2020, con el adelanto de un d\u00eda para que la inauguraci\u00f3n coincida con un viernes y el cierre con un domingo.<\/p>\n<p>Hasta ahora, los responsables de los Juegos Ol\u00edmpicos hab\u00edan confirmado que el acontecimiento iba a realizarse antes del final del verano 2021 del hemisferio norte, pero hab\u00eda posibilidades de adelantarlos a la primavera.<\/p>\n","protected":false},"excerpt":{"rendered":"<p>El Comit\u00e9 Ol\u00edmpico Internacional (COI) y el Comit\u00e9 Organizador de Tokio 2020 confirmaron este lunes las nuevas fechas para el desarrollo de los Juegos Ol\u00edmpicos, justo un a\u00f1o despu\u00e9s de la fecha original en los que estaban previstos &nbsp; &nbsp; A trav\u00e9s de un comunicado, el COI anunci\u00f3 las nuevas fechas, que incluyen la ceremonia de apertura para el 23 de agosto de 2021 y la clausura para el domingo 8 de agosto. En simult\u00e1neo, el presidente del comit\u00e9 organizador, Yoshiro Mori, lo anunci\u00f3 en una rueda de prensa, poco&#8230;<\/p>\n","protected":false},"author":3,"featured_media":59696,"comment_status":"closed","ping_status":"closed","sticky":false,"template":"","format":"standard","meta":[],"categories":[4],"tags":[],"_links":{"self":[{"href":"https:\/\/www.actualidadadiario.com\/index.php\/wp-json\/wp\/v2\/posts\/59695"}],"collection":[{"href":"https:\/\/www.actualidadadiario.com\/index.php\/wp-json\/wp\/v2\/posts"}],"about":[{"href":"https:\/\/www.actualidadadiario.com\/index.php\/wp-json\/wp\/v2\/types\/post"}],"author":[{"embeddable":true,"href":"https:\/\/www.actualidadadiario.com\/index.php\/wp-json\/wp\/v2\/users\/3"}],"replies":[{"embeddable":true,"href":"https:\/\/www.actualidadadiario.com\/index.php\/wp-json\/wp\/v2\/comments?post=59695"}],"version-history":[{"count":1,"href":"https:\/\/www.actualidadadiario.com\/index.php\/wp-json\/wp\/v2\/posts\/59695\/revisions"}],"predecessor-version":[{"id":59697,"href":"https:\/\/www.actualidadadiario.com\/index.php\/wp-json\/wp\/v2\/posts\/59695\/revisions\/59697"}],"wp:featuredmedia":[{"embeddable":true,"href":"https:\/\/www.actualidadadiario.com\/index.php\/wp-json\/wp\/v2\/media\/59696"}],"wp:attachment":[{"href":"https:\/\/www.actualidadadiario.com\/index.php\/wp-json\/wp\/v2\/media?parent=59695"}],"wp:term":[{"taxonomy":"category","embeddable":true,"href":"https:\/\/www.actualidadadiario.com\/index.php\/wp-json\/wp\/v2\/categories?post=59695"},{"taxonomy":"post_tag","embeddable":true,"href":"https:\/\/www.actualidadadiario.com\/index.php\/wp-json\/wp\/v2\/tags?post=59695"}],"curies":[{"name":"wp","href":"https:\/\/api.w.org\/{rel}","templated":true}]}}