{"id":59692,"date":"2020-03-30T13:47:51","date_gmt":"2020-03-30T16:47:51","guid":{"rendered":"https:\/\/www.actualidadadiario.com\/?p=59692"},"modified":"2020-03-30T13:47:51","modified_gmt":"2020-03-30T16:47:51","slug":"crisis-a-la-vista-bolsonaro-desafia-a-su-ministro-de-salud","status":"publish","type":"post","link":"https:\/\/www.actualidadadiario.com\/index.php\/2020\/03\/30\/crisis-a-la-vista-bolsonaro-desafia-a-su-ministro-de-salud\/","title":{"rendered":"Crisis a la vista: Bolsonaro desaf\u00eda a su ministro de Salud"},"content":{"rendered":"<p style=\"text-align: center;\"><em><strong>El ultraderechista presidente brasile\u00f1o desfil\u00f3 a lo largo de m\u00e1s de una hora por Brasilia y su conurbano. Sin barbijo, a menos de un metro de sus escoltas, entr\u00f3 en un supermercado, una farmacia y habl\u00f3 con vendedores ambulantes<\/strong><\/em><\/p>\n<p>&nbsp;<\/p>\n<p>&nbsp;<\/p>\n<p>Menos de 24 horas despu\u00e9s de que su ministro de Salud, Luiz Henrique Mandetta, defendiera mantener el aislamiento social \u2013 l\u00e9ase: cuarentena \u2013, el ultraderechista presidente brasile\u00f1o Jair Bolsonaro desfil\u00f3 a lo largo de m\u00e1s de una hora por Brasilia y su conurbano, las llamadas \u201cciudades sat\u00e9lites\u201d.<\/p>\n<p>Sin mascarilla sanitaria, rodeado de escoltas a menos de un metro de distancia, entr\u00f3 en un supermercado, una farmacia, habl\u00f3 con vendedores callejeros, se dej\u00f3 fotografiar pr\u00e1cticamente pegado a seguidores extasiados, es decir, hizo absolutamente todo lo que las autoridades sanitarias alrededor del mundo, con destaque para cient\u00edficos y m\u00e9dicos especialistas en epidemias, recomiendan enf\u00e1ticamente no hacer. Y, para no perder la costumbre, maldijo a periodistas.<\/p>\n<p>En todas las paradas habl\u00f3 a las personas, promoviendo peque\u00f1as \u2013 y nada recomendables \u2013 aglomeraciones.<\/p>\n<p>Defendi\u00f3 enf\u00e1ticamente que \u201ctrabajar no es ni puede ser un crimen\u201d. En un supermercado, y hablando a un funcionario igualmente sin mascarilla sanitaria situado a menos de medio metro de distancia, le pregunt\u00f3 si \u00e9l cre\u00eda que el pueblo tiene derecho a trabajar. Y a un hombre, esta vez al aire libre, que vend\u00eda pinchos de carne en una parrilla improvisada, le pregunt\u00f3 c\u00f3mo har\u00eda para alimentar a la familia si no pudiese salir de casa.<\/p>\n<p>Cada vez que habl\u00f3, Bolsonaro dijo reconocer la importancia de combatir el coronavirus, pero que la cuesti\u00f3n del trabajo es prioritaria.<\/p>\n<p>Tambi\u00e9n pas\u00f3 por el Hospital de las Fuerzas Armadas, donde permaneci\u00f3 por cerca de veinte minutos. M\u00e1s tarde, dijo que el objetivo de la visita era enterarse de la situaci\u00f3n. No quiso contestar si se hab\u00eda sometido a otro examen para coronavirus, que ser\u00eda el cuarto. De los anteriores, sigue neg\u00e1ndose a mostrar los resultados, que dice haber sido negativos.<\/p>\n<p>M\u00e1s all\u00e1 de ir rigurosamente a contracorriente de lo anunciado largamente el d\u00eda anterior por su ministro de Salud, Bolsonaro desoy\u00f3 a casi todo su ministerio, en especial los militares de alto rango que ocupan despachos en el palacio presidencial.<\/p>\n<p>El s\u00e1bado, y a lo largo de casi tres horas, el ultraderechista se reuni\u00f3 con un grupo de ministros. Oy\u00f3 consejos para una actuaci\u00f3n conjunta en esa crisis provocada por la pandemia. Los m\u00e1s enf\u00e1ticos fueron precisamente los ministros militares de alto rango.<\/p>\n<p>Uno de los participantes luego cont\u00f3, de manera reservada, que en determinado momento el ministro Mandetta, de Salud, le pidi\u00f3 que moderase sus pronunciamientos.<\/p>\n<p>Acorde al diario conservador O Estado de S.Paulo, hubo extrema tensi\u00f3n cuando Mandetta elev\u00f3 su tono de voz para preguntarle a Bolsonaro si \u00e9l estaba preparado para ver camiones del Ej\u00e9rcito recogiendo cad\u00e1veres por doquier.<\/p>\n<p>Bolsonaro insisti\u00f3, como respuesta, en imponer la \u201ccuarentena vertical\u201d, o sea, solo para mayores de 60 a\u00f1os y personas con otros tipos de enfermedad. Mandetta repiti\u00f3 que, al menos de momento, deber\u00eda haber una \u201ccuarentena horizontal\u201d, con poqu\u00edsimas excepciones.<\/p>\n<p>Y, otra vez de acuerdo a O Estado de S.Paulo, en ese momento volvi\u00f3 a elevar la voz advirtiendo que, en caso de que Bolsonaro siguiese incitando a todos a salir a la calle, se ver\u00eda obligado a criticarlo en p\u00fablico.<\/p>\n<p>\u201cLo haces, y te echo\u201d, dijo fulminante el presidente. Fue necesaria la intervenci\u00f3n de los dem\u00e1s participantes para que los \u00e1nimos se calmaran.<\/p>\n<p>Terminada la reuni\u00f3n, Mandetta \u2013 un hombre conservador, pero cuya actitud hasta este momento es reconocida hasta por adversarios del gobierno \u2013 tom\u00f3 dos actitudes.<\/p>\n<p>Primero, asegur\u00f3 a su equipo que no va a renunciar, para no abandonar el barco en medio de la tempestad. Y enseguida, convoc\u00f3 una largu\u00edsima conferencia de prensa en la que desminti\u00f3 varias de las afirmaciones anteriores de Bolsonaro y defendi\u00f3 enf\u00e1tica y claramente el \u201caislamiento social\u201d violado este domingo por el presidente.<\/p>\n<p>Para enturbiar a\u00fan m\u00e1s el turbulento ambiente, al regresar de su gira al Palacio da Alvorada, residencia presidencial, Bolsonaro habl\u00f3 a la prensa.<\/p>\n<p>Entre otras joyas de oratoria, a determinada altura dijo: \u201cAh, \u00bfhas visto lo que dijo el gobernador, lo que dijo el vice? A m\u00ed no me interesa\u201d.<\/p>\n<p>Se refer\u00eda b\u00e1sicamente a los gobernadores derechistas Jo\u00e3o Doria, de San Pablo, y Wilson Witzel, de R\u00edo. Y tambi\u00e9n al general retirado Hamilton Mour\u00e3o, vicepresidente de la Rep\u00fablica.<\/p>\n<p>No satisfecho con el vendaval provocado, dijo que a lo mejor ma\u00f1ana baja un decreto presidencial asegurando a todos el derecho a trabajar.<\/p>\n<p>Preguntado si el texto estaba listo, contest\u00f3: \u201cNo. Es que tuve la idea en este exacto momento\u201d.<\/p>\n<p>Este domingo, en el estado de San Pablo, se confirm\u00f3 que el n\u00famero de v\u00edctimas fatales en los 13 d\u00edas pasados desde el primer diagn\u00f3stico es seis veces superior al de China en el mismo periodo.<\/p>\n<p>En el mismo domingo, el mandatario brasile\u00f1o hizo lo que hizo.<\/p>\n<p>Porque as\u00ed es Jair Mes\u00edas Bolsonaro, presidente de un pa\u00eds de 210 millones de personas llamado Brasil.<\/p>\n","protected":false},"excerpt":{"rendered":"<p>El ultraderechista presidente brasile\u00f1o desfil\u00f3 a lo largo de m\u00e1s de una hora por Brasilia y su conurbano. Sin barbijo, a menos de un metro de sus escoltas, entr\u00f3 en un supermercado, una farmacia y habl\u00f3 con vendedores ambulantes &nbsp; &nbsp; Menos de 24 horas despu\u00e9s de que su ministro de Salud, Luiz Henrique Mandetta, defendiera mantener el aislamiento social \u2013 l\u00e9ase: cuarentena \u2013, el ultraderechista presidente brasile\u00f1o Jair Bolsonaro desfil\u00f3 a lo largo de m\u00e1s de una hora por Brasilia y su conurbano, las llamadas \u201cciudades sat\u00e9lites\u201d. Sin mascarilla&#8230;<\/p>\n","protected":false},"author":3,"featured_media":59693,"comment_status":"closed","ping_status":"closed","sticky":false,"template":"","format":"standard","meta":[],"categories":[4],"tags":[],"_links":{"self":[{"href":"https:\/\/www.actualidadadiario.com\/index.php\/wp-json\/wp\/v2\/posts\/59692"}],"collection":[{"href":"https:\/\/www.actualidadadiario.com\/index.php\/wp-json\/wp\/v2\/posts"}],"about":[{"href":"https:\/\/www.actualidadadiario.com\/index.php\/wp-json\/wp\/v2\/types\/post"}],"author":[{"embeddable":true,"href":"https:\/\/www.actualidadadiario.com\/index.php\/wp-json\/wp\/v2\/users\/3"}],"replies":[{"embeddable":true,"href":"https:\/\/www.actualidadadiario.com\/index.php\/wp-json\/wp\/v2\/comments?post=59692"}],"version-history":[{"count":1,"href":"https:\/\/www.actualidadadiario.com\/index.php\/wp-json\/wp\/v2\/posts\/59692\/revisions"}],"predecessor-version":[{"id":59694,"href":"https:\/\/www.actualidadadiario.com\/index.php\/wp-json\/wp\/v2\/posts\/59692\/revisions\/59694"}],"wp:featuredmedia":[{"embeddable":true,"href":"https:\/\/www.actualidadadiario.com\/index.php\/wp-json\/wp\/v2\/media\/59693"}],"wp:attachment":[{"href":"https:\/\/www.actualidadadiario.com\/index.php\/wp-json\/wp\/v2\/media?parent=59692"}],"wp:term":[{"taxonomy":"category","embeddable":true,"href":"https:\/\/www.actualidadadiario.com\/index.php\/wp-json\/wp\/v2\/categories?post=59692"},{"taxonomy":"post_tag","embeddable":true,"href":"https:\/\/www.actualidadadiario.com\/index.php\/wp-json\/wp\/v2\/tags?post=59692"}],"curies":[{"name":"wp","href":"https:\/\/api.w.org\/{rel}","templated":true}]}}