{"id":59686,"date":"2020-03-30T13:45:53","date_gmt":"2020-03-30T16:45:53","guid":{"rendered":"https:\/\/www.actualidadadiario.com\/?p=59686"},"modified":"2020-03-30T13:45:53","modified_gmt":"2020-03-30T16:45:53","slug":"el-coronavirus-y-una-semana-santa-distinta-a-todas","status":"publish","type":"post","link":"https:\/\/www.actualidadadiario.com\/index.php\/2020\/03\/30\/el-coronavirus-y-una-semana-santa-distinta-a-todas\/","title":{"rendered":"El coronavirus y una Semana Santa distinta a todas"},"content":{"rendered":"<p style=\"text-align: center;\"><em><strong>Todo, absolutamente todo, cambi\u00f3. La llegada del coronavirus oblig\u00f3 a que medio mundo cambiara sus h\u00e1bitos de un momento a otro, y la religi\u00f3n no est\u00e1 exenta. Por ejemplo, el tradicional V\u00eda Crucis del papa Francisco, el Viernes Santo, no se realizar\u00e1 en el Coliseo sino en la explanada de San Pedro. As\u00ed, se aproxima una Semana Santa distinta<\/strong><\/em><\/p>\n<p>&nbsp;<\/p>\n<p>&nbsp;<\/p>\n<p>Asimismo -seg\u00fan detalla la agencia ANSA- \u201cno se realizar\u00e1 adem\u00e1s la Misa Crismal, donde se bendec\u00edan los \u00f3leos para las celebraciones del a\u00f1o por venir\u201d. Esto, con la impactante imagen de ver al Sumo Pont\u00edfice en una misa desierta, en la plaza del Vaticano, sin un s\u00f3lo ser vivo alrededor. As\u00ed se aproxima la Semana Santa que se encontrar\u00e1 sin peregrinos y con muy pocos fieles.<\/p>\n<p>\u201cTras la extraordinaria situaci\u00f3n determinada por la difusi\u00f3n de la pandemia de Covid-19, teniendo en cuenta las disposiciones proporcionadas por la Congregaci\u00f3n del Culto Divino y la Disciplina de los Sacramentos, con decreto de la fecha 25 de marzo de 2020, se hizo necesaria -inform\u00f3 el Vaticano- una actualizaci\u00f3n en relaci\u00f3n con las pr\u00f3ximas celebraciones lit\u00fargicas presididas por el Santo Padre Francisco: tanto en materia de Calendario como de modalidades de participaci\u00f3n\u201d.<\/p>\n<p>As\u00ed, el Papa \u201ccelebrar\u00e1 los ritos de la Semana Santa en el Altar de la C\u00e1tedra, en la Bas\u00edlica de San Pedro, seg\u00fan el siguiente calendario pero sin presencia del pueblo\u201d. El itinerario oficial queda de la siguiente manera:<\/p>\n<p>&nbsp;<\/p>\n<p>-El 5 de abril de 2020, a las 11, se celebrar\u00e1 la misa por el Domingo de Ramos<\/p>\n<p>-El 9 de abril, Jueves Santo, a las 18, ser\u00e1 la Misa en la Cena del Se\u00f1or<\/p>\n<p>-El 10 de abril, Viernes Santo, el papa celebrar\u00e1 a las 18 la Pasi\u00f3n del Se\u00f1or<\/p>\n<p>-Mismo d\u00eda, a las 21, presidir\u00e1 el V\u00eda Crucis sobre la explanada de la bas\u00edlica de San Pedro.<\/p>\n<p>-El s\u00e1bado 11 de abril dar\u00e1 a las 21.00 la misa por la Vigilia Pascual<\/p>\n<p>-El domingo 12 de abril a las 11 celebrar\u00e1 la misa de Pascua, a cuyo t\u00e9rmino impartir\u00e1 la bendici\u00f3n \u201cUrbi et Orbi\u201d.<\/p>\n","protected":false},"excerpt":{"rendered":"<p>Todo, absolutamente todo, cambi\u00f3. La llegada del coronavirus oblig\u00f3 a que medio mundo cambiara sus h\u00e1bitos de un momento a otro, y la religi\u00f3n no est\u00e1 exenta. Por ejemplo, el tradicional V\u00eda Crucis del papa Francisco, el Viernes Santo, no se realizar\u00e1 en el Coliseo sino en la explanada de San Pedro. As\u00ed, se aproxima una Semana Santa distinta &nbsp; &nbsp; Asimismo -seg\u00fan detalla la agencia ANSA- \u201cno se realizar\u00e1 adem\u00e1s la Misa Crismal, donde se bendec\u00edan los \u00f3leos para las celebraciones del a\u00f1o por venir\u201d. Esto, con la impactante&#8230;<\/p>\n","protected":false},"author":3,"featured_media":59687,"comment_status":"closed","ping_status":"closed","sticky":false,"template":"","format":"standard","meta":[],"categories":[4],"tags":[],"_links":{"self":[{"href":"https:\/\/www.actualidadadiario.com\/index.php\/wp-json\/wp\/v2\/posts\/59686"}],"collection":[{"href":"https:\/\/www.actualidadadiario.com\/index.php\/wp-json\/wp\/v2\/posts"}],"about":[{"href":"https:\/\/www.actualidadadiario.com\/index.php\/wp-json\/wp\/v2\/types\/post"}],"author":[{"embeddable":true,"href":"https:\/\/www.actualidadadiario.com\/index.php\/wp-json\/wp\/v2\/users\/3"}],"replies":[{"embeddable":true,"href":"https:\/\/www.actualidadadiario.com\/index.php\/wp-json\/wp\/v2\/comments?post=59686"}],"version-history":[{"count":1,"href":"https:\/\/www.actualidadadiario.com\/index.php\/wp-json\/wp\/v2\/posts\/59686\/revisions"}],"predecessor-version":[{"id":59688,"href":"https:\/\/www.actualidadadiario.com\/index.php\/wp-json\/wp\/v2\/posts\/59686\/revisions\/59688"}],"wp:featuredmedia":[{"embeddable":true,"href":"https:\/\/www.actualidadadiario.com\/index.php\/wp-json\/wp\/v2\/media\/59687"}],"wp:attachment":[{"href":"https:\/\/www.actualidadadiario.com\/index.php\/wp-json\/wp\/v2\/media?parent=59686"}],"wp:term":[{"taxonomy":"category","embeddable":true,"href":"https:\/\/www.actualidadadiario.com\/index.php\/wp-json\/wp\/v2\/categories?post=59686"},{"taxonomy":"post_tag","embeddable":true,"href":"https:\/\/www.actualidadadiario.com\/index.php\/wp-json\/wp\/v2\/tags?post=59686"}],"curies":[{"name":"wp","href":"https:\/\/api.w.org\/{rel}","templated":true}]}}