{"id":59684,"date":"2020-03-30T13:45:02","date_gmt":"2020-03-30T16:45:02","guid":{"rendered":"https:\/\/www.actualidadadiario.com\/?p=59684"},"modified":"2020-03-30T13:45:02","modified_gmt":"2020-03-30T16:45:02","slug":"diputados-retorna-la-actividad-en-una-reunion-virtual-sobre-educacion","status":"publish","type":"post","link":"https:\/\/www.actualidadadiario.com\/index.php\/2020\/03\/30\/diputados-retorna-la-actividad-en-una-reunion-virtual-sobre-educacion\/","title":{"rendered":"Diputados retorna la actividad en una reuni\u00f3n virtual sobre Educaci\u00f3n"},"content":{"rendered":"<p style=\"text-align: center;\"><em><strong>El ministro de Educaci\u00f3n, Nicol\u00e1s Trotta, expondr\u00e1 a las 16 ante la comisi\u00f3n de Educaci\u00f3n de la C\u00e1mara de Diputados<\/strong><\/em><\/p>\n<p>&nbsp;<\/p>\n<p>&nbsp;<\/p>\n<p>El ministro de Educaci\u00f3n, Nicol\u00e1s Trotta, expondr\u00e1 a las 16 ante la comisi\u00f3n de Educaci\u00f3n de la C\u00e1mara de Diputados, en la primera reuni\u00f3n plenaria de ese grupo por medio del sistema de videollamadas ante el aislamiento social dispuesto por el gobierno nacional por el coronavirus.<\/p>\n<p>De esta manera, la C\u00e1mara baja buscar\u00e1 retornar a la actividad con reuniones de comisiones ya que a\u00fan no pueden realizar sesiones por la cuarentena.<\/p>\n<p>Diputados tiene aprobado un proyecto de resoluci\u00f3n para permitir en determinadas emergencias las sesiones virtuales.<\/p>\n<p>La decisi\u00f3n de invitar a exponer a Trottta fue acordada el viernes por el presidente de la C\u00e1mara, Sergio Massa, y los jefes de los bloques parlamentarios, y esa modalidad buscar\u00e1 repetirse con una frecuencia de m\u00e1s de una vez por semana, seg\u00fan indicaron fuentes parlamentarias.<\/p>\n<p>A las 16 har\u00e1 la primera reuni\u00f3n por ese sistema la comisi\u00f3n de Educaci\u00f3n que conduce Blanca Osuna (Frente de Todos), para que Trotta detalle el funcionamiento del sistema tecnol\u00f3gico en el sector educativo y el mecanismo que se aplicar\u00e1 para recuperar las clases.<\/p>\n<p>Trotta adelant\u00f3 que buscar\u00e1 &#8221; explicar el trabajo que venimos haciendo a partir de la pandemia&#8221; y anunci\u00f3 que desde ma\u00f1ana lunes habr\u00e1 14 horas de programaci\u00f3n en la TV P\u00fablica con contenidos desde las salas de jard\u00edn hasta el secundario.<\/p>\n<p>El ministro detall\u00f3 los sistemas tecnol\u00f3gicos instrumentados, pero aclar\u00f3 que estos mecanismos no reemplazan ni a la escuela ni a sus docentes.<\/p>\n<p>&#8220;Quiero dejar en claro que la escuela es irreemplazable, as\u00ed como el rol de la maestras y maestros y ahora estamos transitando por caminos que eran impensados hace poco tiempo&#8221;, agreg\u00f3.<\/p>\n<p>Trotta dijo que &#8220;cuando empez\u00f3 a expandirse la pandemia por Europa, el presidente Alberto Fern\u00e1ndez nos pidi\u00f3 que nos preparemos para todos los escenarios&#8221;.<\/p>\n<p>Se\u00f1al\u00f3 que &#8220;al comienzo de marzo comenzamos a desarrollar una plataforma que tiene recursos para directivos y maestros, estudiantes y la familia&#8221; y que previo al comienzo de clases dialog\u00f3 con los directivos de las compa\u00f1\u00edas que brindan los servicios &#8220;para garantizar la gratuidad en la navegaci\u00f3n ya que el celular es la herramienta que m\u00e1s democratiza el acceso a internet&#8221;.<\/p>\n<p>Agreg\u00f3 que desde el mismo d\u00eda que se suspendieron las clases se comenz\u00f3 con cuatro horas en la TV P\u00fablica, en Encuentro y en Paka Paka para garantizar la presencia del Estado, intentando acercar los maestros a los alumnos y a la familia, y es un primer paso y un desaf\u00edo cuando pretendemos dar continuidad pedag\u00f3gica a la escuela&#8221;.<\/p>\n<p>La vicepresidenta de la comisi\u00f3n, Gisella Marziotta (Frente de Todos), dijo que en el encuentro con Trotta van a analizar &#8220;qu\u00e9 va a pasar con el a\u00f1o lectivo y qu\u00e9 medidas pueden desarrollar en esta dif\u00edcil situaci\u00f3n&#8221;.<\/p>\n<p>La C\u00e1mara de Diputados tambi\u00e9n avanz\u00f3 la semana pasada con la constituci\u00f3n de las 46 comisiones del cuerpo, que se hizo a trav\u00e9s de una resoluci\u00f3n debido a la cuarentena obligatoria, para poder empezar a implementar el trabajo a distancia en ese cuerpo.<\/p>\n","protected":false},"excerpt":{"rendered":"<p>El ministro de Educaci\u00f3n, Nicol\u00e1s Trotta, expondr\u00e1 a las 16 ante la comisi\u00f3n de Educaci\u00f3n de la C\u00e1mara de Diputados &nbsp; &nbsp; El ministro de Educaci\u00f3n, Nicol\u00e1s Trotta, expondr\u00e1 a las 16 ante la comisi\u00f3n de Educaci\u00f3n de la C\u00e1mara de Diputados, en la primera reuni\u00f3n plenaria de ese grupo por medio del sistema de videollamadas ante el aislamiento social dispuesto por el gobierno nacional por el coronavirus. De esta manera, la C\u00e1mara baja buscar\u00e1 retornar a la actividad con reuniones de comisiones ya que a\u00fan no pueden realizar sesiones&#8230;<\/p>\n","protected":false},"author":3,"featured_media":56412,"comment_status":"closed","ping_status":"closed","sticky":false,"template":"","format":"standard","meta":[],"categories":[18],"tags":[],"_links":{"self":[{"href":"https:\/\/www.actualidadadiario.com\/index.php\/wp-json\/wp\/v2\/posts\/59684"}],"collection":[{"href":"https:\/\/www.actualidadadiario.com\/index.php\/wp-json\/wp\/v2\/posts"}],"about":[{"href":"https:\/\/www.actualidadadiario.com\/index.php\/wp-json\/wp\/v2\/types\/post"}],"author":[{"embeddable":true,"href":"https:\/\/www.actualidadadiario.com\/index.php\/wp-json\/wp\/v2\/users\/3"}],"replies":[{"embeddable":true,"href":"https:\/\/www.actualidadadiario.com\/index.php\/wp-json\/wp\/v2\/comments?post=59684"}],"version-history":[{"count":1,"href":"https:\/\/www.actualidadadiario.com\/index.php\/wp-json\/wp\/v2\/posts\/59684\/revisions"}],"predecessor-version":[{"id":59685,"href":"https:\/\/www.actualidadadiario.com\/index.php\/wp-json\/wp\/v2\/posts\/59684\/revisions\/59685"}],"wp:featuredmedia":[{"embeddable":true,"href":"https:\/\/www.actualidadadiario.com\/index.php\/wp-json\/wp\/v2\/media\/56412"}],"wp:attachment":[{"href":"https:\/\/www.actualidadadiario.com\/index.php\/wp-json\/wp\/v2\/media?parent=59684"}],"wp:term":[{"taxonomy":"category","embeddable":true,"href":"https:\/\/www.actualidadadiario.com\/index.php\/wp-json\/wp\/v2\/categories?post=59684"},{"taxonomy":"post_tag","embeddable":true,"href":"https:\/\/www.actualidadadiario.com\/index.php\/wp-json\/wp\/v2\/tags?post=59684"}],"curies":[{"name":"wp","href":"https:\/\/api.w.org\/{rel}","templated":true}]}}