{"id":59681,"date":"2020-03-30T13:44:20","date_gmt":"2020-03-30T16:44:20","guid":{"rendered":"https:\/\/www.actualidadadiario.com\/?p=59681"},"modified":"2020-03-30T13:44:20","modified_gmt":"2020-03-30T16:44:20","slug":"se-oficializaron-las-designaciones-de-bielsa-peppo-y-tomada-como-embajadores","status":"publish","type":"post","link":"https:\/\/www.actualidadadiario.com\/index.php\/2020\/03\/30\/se-oficializaron-las-designaciones-de-bielsa-peppo-y-tomada-como-embajadores\/","title":{"rendered":"Se oficializaron las designaciones de Bielsa, Peppo y Tomada como embajadores"},"content":{"rendered":"<p style=\"text-align: center;\"><em><strong>Los embajadores desde hoy se hacen cargo de sus funciones en Chile, Paraguay y M\u00e9xico, respectivamente<\/strong><\/em><\/p>\n<p>&nbsp;<\/p>\n<p>&nbsp;<\/p>\n<p>A partir de hoy est\u00e1n oficializados en sus cargos como embajadores argentinos ante Chile, Paraguay y M\u00e9xico, Rafael Bielsa, Domingo Peppo y Carlos Tomada, respectivamente.<\/p>\n<p>Asimismo, se formaliz\u00f3 como representante permanente de la Argentina ante los Organismos Internacionales en Ginebra al Ministro Plenipotenciario a Federico Villegas.<\/p>\n<p>Las designaciones de los diplom\u00e1ticos fueron formalizadas mediante los respectivos decretos publicados en el Bolet\u00edn Oficial de esta jornada, firmados por el presidente Alberto Fern\u00e1ndez, el canciller Felipe Sol\u00e1 y el Jefe de Gabinete, Santiago Cafiero.<\/p>\n","protected":false},"excerpt":{"rendered":"<p>Los embajadores desde hoy se hacen cargo de sus funciones en Chile, Paraguay y M\u00e9xico, respectivamente &nbsp; &nbsp; A partir de hoy est\u00e1n oficializados en sus cargos como embajadores argentinos ante Chile, Paraguay y M\u00e9xico, Rafael Bielsa, Domingo Peppo y Carlos Tomada, respectivamente. Asimismo, se formaliz\u00f3 como representante permanente de la Argentina ante los Organismos Internacionales en Ginebra al Ministro Plenipotenciario a Federico Villegas. Las designaciones de los diplom\u00e1ticos fueron formalizadas mediante los respectivos decretos publicados en el Bolet\u00edn Oficial de esta jornada, firmados por el presidente Alberto Fern\u00e1ndez, el&#8230;<\/p>\n","protected":false},"author":3,"featured_media":59682,"comment_status":"closed","ping_status":"closed","sticky":false,"template":"","format":"standard","meta":[],"categories":[18],"tags":[],"_links":{"self":[{"href":"https:\/\/www.actualidadadiario.com\/index.php\/wp-json\/wp\/v2\/posts\/59681"}],"collection":[{"href":"https:\/\/www.actualidadadiario.com\/index.php\/wp-json\/wp\/v2\/posts"}],"about":[{"href":"https:\/\/www.actualidadadiario.com\/index.php\/wp-json\/wp\/v2\/types\/post"}],"author":[{"embeddable":true,"href":"https:\/\/www.actualidadadiario.com\/index.php\/wp-json\/wp\/v2\/users\/3"}],"replies":[{"embeddable":true,"href":"https:\/\/www.actualidadadiario.com\/index.php\/wp-json\/wp\/v2\/comments?post=59681"}],"version-history":[{"count":1,"href":"https:\/\/www.actualidadadiario.com\/index.php\/wp-json\/wp\/v2\/posts\/59681\/revisions"}],"predecessor-version":[{"id":59683,"href":"https:\/\/www.actualidadadiario.com\/index.php\/wp-json\/wp\/v2\/posts\/59681\/revisions\/59683"}],"wp:featuredmedia":[{"embeddable":true,"href":"https:\/\/www.actualidadadiario.com\/index.php\/wp-json\/wp\/v2\/media\/59682"}],"wp:attachment":[{"href":"https:\/\/www.actualidadadiario.com\/index.php\/wp-json\/wp\/v2\/media?parent=59681"}],"wp:term":[{"taxonomy":"category","embeddable":true,"href":"https:\/\/www.actualidadadiario.com\/index.php\/wp-json\/wp\/v2\/categories?post=59681"},{"taxonomy":"post_tag","embeddable":true,"href":"https:\/\/www.actualidadadiario.com\/index.php\/wp-json\/wp\/v2\/tags?post=59681"}],"curies":[{"name":"wp","href":"https:\/\/api.w.org\/{rel}","templated":true}]}}