{"id":59679,"date":"2020-03-30T13:43:36","date_gmt":"2020-03-30T16:43:36","guid":{"rendered":"https:\/\/www.actualidadadiario.com\/?p=59679"},"modified":"2020-03-30T13:43:36","modified_gmt":"2020-03-30T16:43:36","slug":"el-presidente-convoco-al-gabinete-economico","status":"publish","type":"post","link":"https:\/\/www.actualidadadiario.com\/index.php\/2020\/03\/30\/el-presidente-convoco-al-gabinete-economico\/","title":{"rendered":"El Presidente convoc\u00f3 al gabinete econ\u00f3mico"},"content":{"rendered":"<p style=\"text-align: center;\"><em><strong>Alberto Fern\u00e1ndez cit\u00f3 a una reuni\u00f3n en la Quinta de Olivos a los principales funcionarios del \u00e1rea econ\u00f3mica para analizar medidas luego de la extensi\u00f3n de la cuarentena<\/strong><\/em><\/p>\n<p>&nbsp;<\/p>\n<p>&nbsp;<\/p>\n<p>Tras el anuncio del estiramiento del aislamiento hasta el 12 de abril, el Presidente decidi\u00f3 convocar al equipo econ\u00f3mico a un encuentro esta ma\u00f1ana donde se analizar\u00e1n las pr\u00f3ximas medidas para paliar la crisis que dejar\u00e1 la epidemia.<\/p>\n<p>El grupo de convocados est\u00e1 encabezado por el jefe de Gabinete, Santiago Cafiero, y los ministros de Econom\u00eda, Mart\u00edn Guzm\u00e1n, de Producci\u00f3n, Mat\u00edas Kulfas, la titular de la AFIP, Mercedes Marc\u00f3 del Pont, y el titular del Banco Central, Miguel Pesce.<\/p>\n<p>Tambi\u00e9n se sumar\u00e1n la vice jefa de gabinete, Cecilia Todesca, y el ministro de Trabajo, Claudio Moroni.<\/p>\n<p>El Gobierno sigue de cerca la situaci\u00f3n de los sectores econ\u00f3micos m\u00e1s vulnerables por la situaci\u00f3n de la paralizaci\u00f3n de las actividades. Uno de los puntos que se analizar\u00e1n ser\u00e1 c\u00f3mo el Estado seguir\u00e1 asistiendo a los sectores comprometidos por la par\u00e1lisis econ\u00f3mico.<\/p>\n<p>En el mensaje del domingo a la noche, Fern\u00e1ndez mencion\u00f3 la necesidad de ampliar el apoyo a las pymes a trav\u00e9s del Banco Mundial. Otros de los puntos ser\u00e1 el funcionamiento de las entidades bancarias y de qu\u00e9 manera comenzar\u00e1n a abrirse las operatorias.<\/p>\n<p>El Presidente hizo hincapi\u00e9 en las \u00faltimas horas en la cuesti\u00f3n econ\u00f3mica. Advirti\u00f3 que no la va a dejar de lado, pero se quej\u00f3 de los empresarios que anunciaron despidos, como el caso de multinacional Techint.<\/p>\n<p>&#8220;La idea es ir recuperando poco a poco el ritmo econ\u00f3mico&#8221;, dijo el jefe de Estado en declaraciones radiales antes del encuentro. La prioridad ser\u00e1n los peque\u00f1os comercios que se vieron afectados por el cierre de sus locales para cumplir la cuarentena. Tambi\u00e9n mencion\u00f3 la situaci\u00f3n de los jubilados que en los pr\u00f3ximos d\u00edas tienen que cobrar sus haberes. El Presidente adelant\u00f3 que habr\u00e1 turnos para cobrar y no se mezclen todos los jubilados.<\/p>\n","protected":false},"excerpt":{"rendered":"<p>Alberto Fern\u00e1ndez cit\u00f3 a una reuni\u00f3n en la Quinta de Olivos a los principales funcionarios del \u00e1rea econ\u00f3mica para analizar medidas luego de la extensi\u00f3n de la cuarentena &nbsp; &nbsp; Tras el anuncio del estiramiento del aislamiento hasta el 12 de abril, el Presidente decidi\u00f3 convocar al equipo econ\u00f3mico a un encuentro esta ma\u00f1ana donde se analizar\u00e1n las pr\u00f3ximas medidas para paliar la crisis que dejar\u00e1 la epidemia. El grupo de convocados est\u00e1 encabezado por el jefe de Gabinete, Santiago Cafiero, y los ministros de Econom\u00eda, Mart\u00edn Guzm\u00e1n, de Producci\u00f3n,&#8230;<\/p>\n","protected":false},"author":3,"featured_media":59515,"comment_status":"closed","ping_status":"closed","sticky":false,"template":"","format":"standard","meta":[],"categories":[18],"tags":[],"_links":{"self":[{"href":"https:\/\/www.actualidadadiario.com\/index.php\/wp-json\/wp\/v2\/posts\/59679"}],"collection":[{"href":"https:\/\/www.actualidadadiario.com\/index.php\/wp-json\/wp\/v2\/posts"}],"about":[{"href":"https:\/\/www.actualidadadiario.com\/index.php\/wp-json\/wp\/v2\/types\/post"}],"author":[{"embeddable":true,"href":"https:\/\/www.actualidadadiario.com\/index.php\/wp-json\/wp\/v2\/users\/3"}],"replies":[{"embeddable":true,"href":"https:\/\/www.actualidadadiario.com\/index.php\/wp-json\/wp\/v2\/comments?post=59679"}],"version-history":[{"count":1,"href":"https:\/\/www.actualidadadiario.com\/index.php\/wp-json\/wp\/v2\/posts\/59679\/revisions"}],"predecessor-version":[{"id":59680,"href":"https:\/\/www.actualidadadiario.com\/index.php\/wp-json\/wp\/v2\/posts\/59679\/revisions\/59680"}],"wp:featuredmedia":[{"embeddable":true,"href":"https:\/\/www.actualidadadiario.com\/index.php\/wp-json\/wp\/v2\/media\/59515"}],"wp:attachment":[{"href":"https:\/\/www.actualidadadiario.com\/index.php\/wp-json\/wp\/v2\/media?parent=59679"}],"wp:term":[{"taxonomy":"category","embeddable":true,"href":"https:\/\/www.actualidadadiario.com\/index.php\/wp-json\/wp\/v2\/categories?post=59679"},{"taxonomy":"post_tag","embeddable":true,"href":"https:\/\/www.actualidadadiario.com\/index.php\/wp-json\/wp\/v2\/tags?post=59679"}],"curies":[{"name":"wp","href":"https:\/\/api.w.org\/{rel}","templated":true}]}}