{"id":59673,"date":"2020-03-30T13:42:10","date_gmt":"2020-03-30T16:42:10","guid":{"rendered":"https:\/\/www.actualidadadiario.com\/?p=59673"},"modified":"2020-03-30T13:42:10","modified_gmt":"2020-03-30T16:42:10","slug":"alberto-a-paolo-rocca-muchachos-les-toco-la-hora-de-ganar-menos","status":"publish","type":"post","link":"https:\/\/www.actualidadadiario.com\/index.php\/2020\/03\/30\/alberto-a-paolo-rocca-muchachos-les-toco-la-hora-de-ganar-menos\/","title":{"rendered":"Alberto a Paolo Rocca: &#8220;Muchachos les toc\u00f3 la hora de ganar menos&#8221;"},"content":{"rendered":"<p style=\"text-align: center;\"><em><strong>Lo hizo tras tratar de &#8220;miserables&#8221; a los empresarios que despiden empleados en medio de la cuarentena<\/strong><\/em><\/p>\n<p>&nbsp;<\/p>\n<p>&nbsp;<\/p>\n<p>Alberto Fern\u00e1ndez tild\u00f3 de &#8220;miserables&#8221; a los empresarios que despiden personal en medio de la pandemia del coronavirus en la Argentina.<\/p>\n<p>&#8220;Algunos miserables olvidan a quienes trabajan para ellos y en la crisis los despiden&#8221;, denunci\u00f3 el presidente en Twitter.<\/p>\n<p>Alberto se mostr\u00f3 en la misma tesitura en un mensaje que transmiti\u00f3 este domingo a la poblaci\u00f3n desde la Residencia de Olivos. &#8220;Muchachos les toc\u00f3 la hora de ganar menos&#8221;, dispar\u00f3 en relaci\u00f3n a los empresarios.<\/p>\n<p>El presidente le mand\u00f3 un mensaje por elevaci\u00f3n a Paolo Rocca, due\u00f1o del grupo Techint, que el viernes decidi\u00f3 despedir a m\u00e1s de 1.400 trabajadores de su constructora.<\/p>\n<p>&#8220;A esos miserables les habl\u00f3 el papa Francisco y ahora les digo yo que no dejar\u00e9 que lo hagan&#8221;, agreg\u00f3 Alberto.<\/p>\n<p>El mandatario dijo que va a ser &#8220;inflexible&#8221; y &#8220;duro&#8221; con los empresarios que despidan gente, que dejen &#8220;desamparadas&#8221; a las personas, y les dijo que quiz\u00e1 en este momento la l\u00f3gica es &#8220;no es perder, sino ganar menos&#8221;, con un sentido solidario ya que, reiter\u00f3, &#8220;nadie se salva todo&#8221;.<\/p>\n","protected":false},"excerpt":{"rendered":"<p>Lo hizo tras tratar de &#8220;miserables&#8221; a los empresarios que despiden empleados en medio de la cuarentena &nbsp; &nbsp; Alberto Fern\u00e1ndez tild\u00f3 de &#8220;miserables&#8221; a los empresarios que despiden personal en medio de la pandemia del coronavirus en la Argentina. &#8220;Algunos miserables olvidan a quienes trabajan para ellos y en la crisis los despiden&#8221;, denunci\u00f3 el presidente en Twitter. Alberto se mostr\u00f3 en la misma tesitura en un mensaje que transmiti\u00f3 este domingo a la poblaci\u00f3n desde la Residencia de Olivos. &#8220;Muchachos les toc\u00f3 la hora de ganar menos&#8221;, dispar\u00f3&#8230;<\/p>\n","protected":false},"author":3,"featured_media":59674,"comment_status":"closed","ping_status":"closed","sticky":false,"template":"","format":"standard","meta":[],"categories":[18],"tags":[],"_links":{"self":[{"href":"https:\/\/www.actualidadadiario.com\/index.php\/wp-json\/wp\/v2\/posts\/59673"}],"collection":[{"href":"https:\/\/www.actualidadadiario.com\/index.php\/wp-json\/wp\/v2\/posts"}],"about":[{"href":"https:\/\/www.actualidadadiario.com\/index.php\/wp-json\/wp\/v2\/types\/post"}],"author":[{"embeddable":true,"href":"https:\/\/www.actualidadadiario.com\/index.php\/wp-json\/wp\/v2\/users\/3"}],"replies":[{"embeddable":true,"href":"https:\/\/www.actualidadadiario.com\/index.php\/wp-json\/wp\/v2\/comments?post=59673"}],"version-history":[{"count":1,"href":"https:\/\/www.actualidadadiario.com\/index.php\/wp-json\/wp\/v2\/posts\/59673\/revisions"}],"predecessor-version":[{"id":59675,"href":"https:\/\/www.actualidadadiario.com\/index.php\/wp-json\/wp\/v2\/posts\/59673\/revisions\/59675"}],"wp:featuredmedia":[{"embeddable":true,"href":"https:\/\/www.actualidadadiario.com\/index.php\/wp-json\/wp\/v2\/media\/59674"}],"wp:attachment":[{"href":"https:\/\/www.actualidadadiario.com\/index.php\/wp-json\/wp\/v2\/media?parent=59673"}],"wp:term":[{"taxonomy":"category","embeddable":true,"href":"https:\/\/www.actualidadadiario.com\/index.php\/wp-json\/wp\/v2\/categories?post=59673"},{"taxonomy":"post_tag","embeddable":true,"href":"https:\/\/www.actualidadadiario.com\/index.php\/wp-json\/wp\/v2\/tags?post=59673"}],"curies":[{"name":"wp","href":"https:\/\/api.w.org\/{rel}","templated":true}]}}