{"id":59671,"date":"2020-03-30T13:41:27","date_gmt":"2020-03-30T16:41:27","guid":{"rendered":"https:\/\/www.actualidadadiario.com\/?p=59671"},"modified":"2020-03-30T13:41:27","modified_gmt":"2020-03-30T16:41:27","slug":"el-senado-donara-el-monto-de-los-pasajes-de-los-legisladores-a-la-lucha-contra-el-coronavirus","status":"publish","type":"post","link":"https:\/\/www.actualidadadiario.com\/index.php\/2020\/03\/30\/el-senado-donara-el-monto-de-los-pasajes-de-los-legisladores-a-la-lucha-contra-el-coronavirus\/","title":{"rendered":"El Senado donar\u00e1 el monto de los pasajes de los legisladores a la lucha contra el coronavirus"},"content":{"rendered":"<p style=\"text-align: center;\"><em><strong>La medida quedar\u00e1 &#8220;autom\u00e1ticamente prorrogada&#8221;, en caso de que el Gobierno decida extender el aislamiento social, preventivo y obligatorio<\/strong><\/em><\/p>\n<p>&nbsp;<\/p>\n<p>&nbsp;<\/p>\n<p>El Senado de la Naci\u00f3n resolvi\u00f3 donar a la lucha contra la pandemia de coronavirus el monto de los pasajes que no ser\u00e1n utilizados por los legisladores mientras dure la cuarentena establecida por el gobierno nacional.<\/p>\n<p>La decisi\u00f3n fue tomada por la Secretar\u00eda Administrativa de la C\u00e1mara alta, a cargo de Mar\u00eda Luz Alonso.<\/p>\n<p>La Resoluci\u00f3n 549\/20 suspende &#8220;hasta el 31 de marzo de 2020 y de manera retroactiva al 20 de marzo, la emisi\u00f3n de los tramos innominados a\u00e9reos y terrestres del Sistema de Administraci\u00f3n de Pasajes de la Honorable C\u00e1mara de Senadores de la Naci\u00f3n&#8221;.<\/p>\n<p>Adem\u00e1s, se dispone que &#8220;el monto derivado de lo establecido en el art\u00edculo precedente correspondiente a la partida presupuestaria de Pasajes y vi\u00e1ticos ser\u00e1 transferido al Ministerio de Salud de la Naci\u00f3n para ser utilizado en medidas de prevenci\u00f3n y mitigaci\u00f3n de la pandemia de coronavirus (Covid-19)&#8221;.<\/p>\n<p>Finalmente, se establece que la medida &#8220;quedar\u00e1 autom\u00e1ticamente prorrogada, en caso de que el Poder Ejecutivo Nacional dispusiera la continuidad del aislamiento social, preventivo y obligatorio&#8221;.<\/p>\n","protected":false},"excerpt":{"rendered":"<p>La medida quedar\u00e1 &#8220;autom\u00e1ticamente prorrogada&#8221;, en caso de que el Gobierno decida extender el aislamiento social, preventivo y obligatorio &nbsp; &nbsp; El Senado de la Naci\u00f3n resolvi\u00f3 donar a la lucha contra la pandemia de coronavirus el monto de los pasajes que no ser\u00e1n utilizados por los legisladores mientras dure la cuarentena establecida por el gobierno nacional. La decisi\u00f3n fue tomada por la Secretar\u00eda Administrativa de la C\u00e1mara alta, a cargo de Mar\u00eda Luz Alonso. La Resoluci\u00f3n 549\/20 suspende &#8220;hasta el 31 de marzo de 2020 y de manera retroactiva&#8230;<\/p>\n","protected":false},"author":3,"featured_media":59029,"comment_status":"closed","ping_status":"closed","sticky":false,"template":"","format":"standard","meta":[],"categories":[18],"tags":[],"_links":{"self":[{"href":"https:\/\/www.actualidadadiario.com\/index.php\/wp-json\/wp\/v2\/posts\/59671"}],"collection":[{"href":"https:\/\/www.actualidadadiario.com\/index.php\/wp-json\/wp\/v2\/posts"}],"about":[{"href":"https:\/\/www.actualidadadiario.com\/index.php\/wp-json\/wp\/v2\/types\/post"}],"author":[{"embeddable":true,"href":"https:\/\/www.actualidadadiario.com\/index.php\/wp-json\/wp\/v2\/users\/3"}],"replies":[{"embeddable":true,"href":"https:\/\/www.actualidadadiario.com\/index.php\/wp-json\/wp\/v2\/comments?post=59671"}],"version-history":[{"count":1,"href":"https:\/\/www.actualidadadiario.com\/index.php\/wp-json\/wp\/v2\/posts\/59671\/revisions"}],"predecessor-version":[{"id":59672,"href":"https:\/\/www.actualidadadiario.com\/index.php\/wp-json\/wp\/v2\/posts\/59671\/revisions\/59672"}],"wp:featuredmedia":[{"embeddable":true,"href":"https:\/\/www.actualidadadiario.com\/index.php\/wp-json\/wp\/v2\/media\/59029"}],"wp:attachment":[{"href":"https:\/\/www.actualidadadiario.com\/index.php\/wp-json\/wp\/v2\/media?parent=59671"}],"wp:term":[{"taxonomy":"category","embeddable":true,"href":"https:\/\/www.actualidadadiario.com\/index.php\/wp-json\/wp\/v2\/categories?post=59671"},{"taxonomy":"post_tag","embeddable":true,"href":"https:\/\/www.actualidadadiario.com\/index.php\/wp-json\/wp\/v2\/tags?post=59671"}],"curies":[{"name":"wp","href":"https:\/\/api.w.org\/{rel}","templated":true}]}}