{"id":59669,"date":"2020-03-30T13:40:37","date_gmt":"2020-03-30T16:40:37","guid":{"rendered":"https:\/\/www.actualidadadiario.com\/?p=59669"},"modified":"2020-03-30T13:40:37","modified_gmt":"2020-03-30T16:40:37","slug":"los-votantes-de-macri-que-prefieren-a-alberto-fernandez-al-frente-de-la-crisis","status":"publish","type":"post","link":"https:\/\/www.actualidadadiario.com\/index.php\/2020\/03\/30\/los-votantes-de-macri-que-prefieren-a-alberto-fernandez-al-frente-de-la-crisis\/","title":{"rendered":"Los votantes de Macri que prefieren a Alberto Fern\u00e1ndez al frente de la crisis"},"content":{"rendered":"<p style=\"text-align: center;\"><em><strong>Seg\u00fan el estudio \u201cLos argentinos frente al coronavirus\u201d, el 51% de quienes se identifican como votantes de Cambiemos eval\u00faa la gesti\u00f3n del gobierno actual como muy buena. No solo eso, de los encuestados que votaron a Macri, el 51,6% admite que el Frente de Todos est\u00e1 mejor preparado para hacer frente a la situaci\u00f3n<\/strong><\/em><\/p>\n<p>&nbsp;<\/p>\n<p>&nbsp;<\/p>\n<p>La encuesta titulada \u201cLos argentinos frente al coronavirus\u201d re\u00fane las opiniones, valoraciones y actitudes locales frente a la enfermedad de mil personas mayores de 16 a\u00f1os. Los resultados arrojados dibujan un panorama del clima sociopol\u00edtico, las actitudes de los ciudadanos hacia el Covid-19, las miradas hacia la cuarentena y las pol\u00edticas p\u00fablicas llevadas adelante en materia de salud.<\/p>\n<p>Los resultados dan cuenta de las percepciones de los ciudadanos sobre temas que van desde como el desempe\u00f1o del Gobierno a la hora de afrontar la pandemia hasta la participaci\u00f3n en los \u201caplausazos\u201d, pasando por el uso del tiempo libre durante el confinamiento y la actitud tomada por el Gobierno ante la repatriaci\u00f3n de los argentinos en el exterior en este contexto de crisis.<\/p>\n<p>&nbsp;<\/p>\n<p><strong>Votantes de Macri pero satisfechos con Alberto<\/strong><\/p>\n<p>El trabajo de campo fue realizado entre el 24 y el 26 de marzo por la consultora Trespuntocero. Adem\u00e1s de estos datos se introduce una variable que permite medir la opini\u00f3n p\u00fablica con respecto a los modos en que la administraci\u00f3n de Alberto Fern\u00e1ndez hace frente a la pandemia seg\u00fan c\u00f3mo votaron los encuestados en octubre de 2019, es decir, qu\u00e9 opinan del aislamiento social y la competencia de Fern\u00e1ndez y sus funcionarios para sobrellevar la crisis quienes lo acompa\u00f1aron con su voto en las \u00faltimas elecciones y tambi\u00e9n aquellos que se inclinaron por la f\u00f3rmula Mauricio Macri &#8211; Miguel Angel Pichetto y Roberto Lavagna &#8211; Juan Manuel Urtubey.<\/p>\n<p>La evaluaci\u00f3n general de los encuestados acerca del desempe\u00f1o del Gobierno nacional para enfrentar la pandemia para el 77,3% de los encuestados es buena o muy buena. Seg\u00fan su voto en octubre pasado, 96,9% de los encuestados votantes de Fern\u00e1ndez consultados y el 51% de los votantes de Macri eval\u00faan la gesti\u00f3n del gobierno actual como muy buena.<\/p>\n<p>Un dato curioso es que a la hora de sopesar qu\u00e9 gesti\u00f3n est\u00e1 mejor capacitada para tratar el coronavirus, el 82,7% elige al Gobierno actual y s\u00f3lo el 17,3 a su antecesor Mauricio Macri. Pero adem\u00e1s, entre los votantes de Cambiemos consultados, la mayor\u00eda (51,6 %) admite que el actual Gobierno est\u00e1 mejor preparado para hacer frente a la situaci\u00f3n y, entre esos mismos votantes, el 83 % reconoce que las medidas implementadas son positivas y muy positivas.<\/p>\n<p>&nbsp;<\/p>\n<p><strong>Respaldo a medidas y trabajadores de la salud<\/strong><\/p>\n<p>Las dos medidas del Gobierno con mejor imagen son la cuarentena obligatoria (el 97, 6% se manifestaron de acuerdo y muy de acuerdo) y la suspensi\u00f3n de las clases (el 97, 2% lo percibe como una decisi\u00f3n acertada).<\/p>\n<p>El 91 % de los encuestados caracterizan al coronavirus como una \u201cpandemia global que puede tener graves consecuencias\u201d.<\/p>\n<p>En cuanto al desempe\u00f1o de los actores sociales, los que mejor parados est\u00e1n ante la mirada de los encuestados son los profesionales de la salud (97,7% de imagen positiva) y los m\u00e1s desprestigiados son los empresarios y comerciantes (con una imagen negativa del 28,9 %).<\/p>\n<p>&nbsp;<\/p>\n<p><strong>Aplausos y cuarentena<\/strong><\/p>\n<p>Asimismo, la mitad de los entrevistados (50,4 %) dice participar de los \u201caplausazos\u201d. El 96% asegura cumplir con la cuarentena (de ese total el 58 % asevera que sale solamente para hacer compras), y s\u00f3lo el 0,4 % reconoce que no acata la disposici\u00f3n.<\/p>\n","protected":false},"excerpt":{"rendered":"<p>Seg\u00fan el estudio \u201cLos argentinos frente al coronavirus\u201d, el 51% de quienes se identifican como votantes de Cambiemos eval\u00faa la gesti\u00f3n del gobierno actual como muy buena. No solo eso, de los encuestados que votaron a Macri, el 51,6% admite que el Frente de Todos est\u00e1 mejor preparado para hacer frente a la situaci\u00f3n &nbsp; &nbsp; La encuesta titulada \u201cLos argentinos frente al coronavirus\u201d re\u00fane las opiniones, valoraciones y actitudes locales frente a la enfermedad de mil personas mayores de 16 a\u00f1os. Los resultados arrojados dibujan un panorama del clima&#8230;<\/p>\n","protected":false},"author":3,"featured_media":58324,"comment_status":"closed","ping_status":"closed","sticky":false,"template":"","format":"standard","meta":[],"categories":[18],"tags":[],"_links":{"self":[{"href":"https:\/\/www.actualidadadiario.com\/index.php\/wp-json\/wp\/v2\/posts\/59669"}],"collection":[{"href":"https:\/\/www.actualidadadiario.com\/index.php\/wp-json\/wp\/v2\/posts"}],"about":[{"href":"https:\/\/www.actualidadadiario.com\/index.php\/wp-json\/wp\/v2\/types\/post"}],"author":[{"embeddable":true,"href":"https:\/\/www.actualidadadiario.com\/index.php\/wp-json\/wp\/v2\/users\/3"}],"replies":[{"embeddable":true,"href":"https:\/\/www.actualidadadiario.com\/index.php\/wp-json\/wp\/v2\/comments?post=59669"}],"version-history":[{"count":1,"href":"https:\/\/www.actualidadadiario.com\/index.php\/wp-json\/wp\/v2\/posts\/59669\/revisions"}],"predecessor-version":[{"id":59670,"href":"https:\/\/www.actualidadadiario.com\/index.php\/wp-json\/wp\/v2\/posts\/59669\/revisions\/59670"}],"wp:featuredmedia":[{"embeddable":true,"href":"https:\/\/www.actualidadadiario.com\/index.php\/wp-json\/wp\/v2\/media\/58324"}],"wp:attachment":[{"href":"https:\/\/www.actualidadadiario.com\/index.php\/wp-json\/wp\/v2\/media?parent=59669"}],"wp:term":[{"taxonomy":"category","embeddable":true,"href":"https:\/\/www.actualidadadiario.com\/index.php\/wp-json\/wp\/v2\/categories?post=59669"},{"taxonomy":"post_tag","embeddable":true,"href":"https:\/\/www.actualidadadiario.com\/index.php\/wp-json\/wp\/v2\/tags?post=59669"}],"curies":[{"name":"wp","href":"https:\/\/api.w.org\/{rel}","templated":true}]}}