{"id":59666,"date":"2020-03-30T13:39:19","date_gmt":"2020-03-30T16:39:19","guid":{"rendered":"https:\/\/www.actualidadadiario.com\/?p=59666"},"modified":"2020-03-30T13:39:19","modified_gmt":"2020-03-30T16:39:19","slug":"la-salida-del-aislamiento-sera-gradual-escalonada-y-cuidadosa","status":"publish","type":"post","link":"https:\/\/www.actualidadadiario.com\/index.php\/2020\/03\/30\/la-salida-del-aislamiento-sera-gradual-escalonada-y-cuidadosa\/","title":{"rendered":"&#8220;La salida del aislamiento ser\u00e1 gradual, escalonada y cuidadosa&#8221;"},"content":{"rendered":"<p style=\"text-align: center;\"><em><strong>La secretaria de Acceso a la Salud, Carla Vizzotti, destac\u00f3 la decisi\u00f3n tomada por el presidente Alberto Fern\u00e1ndez de extender el periodo de aislamiento social y obligatorio hasta el 13 de abril porque, &#8220;si logramos bajar la circulaci\u00f3n de personas, la transmisi\u00f3n va a ser menor&#8221;. Tambi\u00e9n adelant\u00f3 que &#8220;la salida del aislamiento ser\u00e1 gradual, escalonada y cuidadosa&#8221;<\/strong><\/em><\/p>\n<p>&nbsp;<\/p>\n<p>&nbsp;<\/p>\n<p>Vizzotti se\u00f1al\u00f3 que, este martes, cuando termine el primer per\u00edodo de incubaci\u00f3n, &#8220;vamos a tener un panorama de c\u00f3mo nos fue con la transmisi\u00f3n&#8221;. Como un indicador actual de la situaci\u00f3n de la pandemia, la funcionaria se\u00f1al\u00f3 que, por el momento, hay 53 camas de terapia ocupadas por pacientes con Covid-19, cuando el sistema de salud cuenta con 8560.<\/p>\n<p>En paralelo, la secretaria de Acceso a la Salud explic\u00f3 que se est\u00e1 relevando el porcentaje de positividad de las muestras que se realizan sobre los casos sospechosos e inform\u00f3 que, por ahora, esa positividad fue del 21 %. Ese porcentaje se tom\u00f3 de los an\u00e1lisis hechos en el Malbr\u00e1n, pero se ir\u00e1 acumulando con los an\u00e1lisis de los nuevos laboratorios incorporados.<\/p>\n<p>En el reporte diario matinal del Ministerio de Salud se precis\u00f3 que el 54 % de los casos positivos son importados, el 25 % son casos de contacto estrecho, mientras que los restantes contin\u00faan en investigaci\u00f3n epidemiol\u00f3gica. &#8220;Va disminuyendo la cantidad de casos importandos y comienza a darse la circulaci\u00f3n comunitaria&#8221;, explic\u00f3 Vizzotti.<\/p>\n<p>Del total de casos positivos,\u00a0 el 42% son mujeres y el 58% son hombres, mientras que las principales franjas etarias afectadas de los casos registrados corresponden a personas de entre 20 y 59 a\u00f1os, siendo la edad promedio de 43 a\u00f1os. A la fecha, el total de altas es de 228: 219 casos con alta transitoria y 9 pacientes con alta definitiva.<\/p>\n","protected":false},"excerpt":{"rendered":"<p>La secretaria de Acceso a la Salud, Carla Vizzotti, destac\u00f3 la decisi\u00f3n tomada por el presidente Alberto Fern\u00e1ndez de extender el periodo de aislamiento social y obligatorio hasta el 13 de abril porque, &#8220;si logramos bajar la circulaci\u00f3n de personas, la transmisi\u00f3n va a ser menor&#8221;. Tambi\u00e9n adelant\u00f3 que &#8220;la salida del aislamiento ser\u00e1 gradual, escalonada y cuidadosa&#8221; &nbsp; &nbsp; Vizzotti se\u00f1al\u00f3 que, este martes, cuando termine el primer per\u00edodo de incubaci\u00f3n, &#8220;vamos a tener un panorama de c\u00f3mo nos fue con la transmisi\u00f3n&#8221;. Como un indicador actual de la&#8230;<\/p>\n","protected":false},"author":3,"featured_media":59667,"comment_status":"closed","ping_status":"closed","sticky":false,"template":"","format":"standard","meta":[],"categories":[9],"tags":[],"_links":{"self":[{"href":"https:\/\/www.actualidadadiario.com\/index.php\/wp-json\/wp\/v2\/posts\/59666"}],"collection":[{"href":"https:\/\/www.actualidadadiario.com\/index.php\/wp-json\/wp\/v2\/posts"}],"about":[{"href":"https:\/\/www.actualidadadiario.com\/index.php\/wp-json\/wp\/v2\/types\/post"}],"author":[{"embeddable":true,"href":"https:\/\/www.actualidadadiario.com\/index.php\/wp-json\/wp\/v2\/users\/3"}],"replies":[{"embeddable":true,"href":"https:\/\/www.actualidadadiario.com\/index.php\/wp-json\/wp\/v2\/comments?post=59666"}],"version-history":[{"count":1,"href":"https:\/\/www.actualidadadiario.com\/index.php\/wp-json\/wp\/v2\/posts\/59666\/revisions"}],"predecessor-version":[{"id":59668,"href":"https:\/\/www.actualidadadiario.com\/index.php\/wp-json\/wp\/v2\/posts\/59666\/revisions\/59668"}],"wp:featuredmedia":[{"embeddable":true,"href":"https:\/\/www.actualidadadiario.com\/index.php\/wp-json\/wp\/v2\/media\/59667"}],"wp:attachment":[{"href":"https:\/\/www.actualidadadiario.com\/index.php\/wp-json\/wp\/v2\/media?parent=59666"}],"wp:term":[{"taxonomy":"category","embeddable":true,"href":"https:\/\/www.actualidadadiario.com\/index.php\/wp-json\/wp\/v2\/categories?post=59666"},{"taxonomy":"post_tag","embeddable":true,"href":"https:\/\/www.actualidadadiario.com\/index.php\/wp-json\/wp\/v2\/tags?post=59666"}],"curies":[{"name":"wp","href":"https:\/\/api.w.org\/{rel}","templated":true}]}}