{"id":59663,"date":"2020-03-30T13:38:25","date_gmt":"2020-03-30T16:38:25","guid":{"rendered":"https:\/\/www.actualidadadiario.com\/?p=59663"},"modified":"2020-03-30T13:38:25","modified_gmt":"2020-03-30T16:38:25","slug":"alquileres-congelan-precios-y-suspenden-desalojos-por-falta-de-pago-hasta-el-30-de-septiembre","status":"publish","type":"post","link":"https:\/\/www.actualidadadiario.com\/index.php\/2020\/03\/30\/alquileres-congelan-precios-y-suspenden-desalojos-por-falta-de-pago-hasta-el-30-de-septiembre\/","title":{"rendered":"Alquileres: congelan precios y suspenden desalojos por falta de pago hasta el 30 de septiembre"},"content":{"rendered":"<p style=\"text-align: center;\"><em><strong>La medida fue publicada en el DNU oficial, y tiene como objetivo paliar la situaci\u00f3n de los inquilinos en el marco de la expansi\u00f3n de la pandemia<\/strong><\/em><\/p>\n<p>&nbsp;<\/p>\n<p>En el marco de la serie de medidas econ\u00f3micas para paliar el efecto del coronavirus en la coyuntura local, el Gobierno dio a conocer la letra chica del Decreto de Necesidad y Urgencia (DNU) que se public\u00f3 este domingo, destinado a contener la situaci\u00f3n de inquilinos.<\/p>\n<p>&nbsp;<\/p>\n<p><strong>Seg\u00fan el texto, hasta el 30 de septiembre de este a\u00f1o rigen las siguientes medidas:<\/strong><\/p>\n<ul>\n<li>Se suspenden los desalojos por falta de pago.<\/li>\n<li>Se prorroga la vigencia de los contratos, con conformidad de la parte locataria.<\/li>\n<li>Se congelan los precios de los alquileres al valor de marzo<\/li>\n<li>La deuda por diferencia de precio entre lo que se deb\u00eda pagar y lo que efectivamente se pague por el congelamiento, se abonar\u00e1 en 3 cuotas mensuales sin intereses, a pagar desde octubre<\/li>\n<li>Las deudas que se produzcan por falta de pago, se pagar\u00e1n a partir de octubre en 3 cuotas, con intereses compensatorios, pero sin penalidades<\/li>\n<li>Se exceptuar\u00e1 a aquel locador que acredite que depende del alquiler para cubrir sus necesidades b\u00e1sicas o las de su familia primaria conviviente.<\/li>\n<li>Se establece mediaci\u00f3n obligatoria, previo a acudir a la justicia, por controversias entre las partes.<\/li>\n<\/ul>\n<p>La iniciativa oficial alcanza a: inmuebles destinados a vivienda \u00fanica urbana o rural; habitaciones destinadas a vivienda familiar o personal en pensiones, hoteles u otros alojamientos similares; inmuebles destinados a actividades culturales o comunitarias; inmuebles rurales destinados a peque\u00f1as producciones familiares y peque\u00f1as producciones agropecuarias; inmuebles alquilados por personas adheridas al r\u00e9gimen de Monotributo, destinados a la prestaci\u00f3n de servicios, al comercio o a la industria; inmuebles alquilados por profesionales aut\u00f3nomos para el ejercicio de su profesi\u00f3n; inmuebles alquilados por Micro, Peque\u00f1as y Medianas Empresas (MiPyMES) conforme lo dispuesto en la Ley N\u00b0 24.467 y modificatorias, destinados a la prestaci\u00f3n de servicios, al comercio o a la industria; inmuebles alquilados por Cooperativas de Trabajo o Empresas Recuperadas inscriptas en el Instituto Nacional de Asociativismo y Econom\u00eda Social (INAES).<\/p>\n","protected":false},"excerpt":{"rendered":"<p>La medida fue publicada en el DNU oficial, y tiene como objetivo paliar la situaci\u00f3n de los inquilinos en el marco de la expansi\u00f3n de la pandemia &nbsp; En el marco de la serie de medidas econ\u00f3micas para paliar el efecto del coronavirus en la coyuntura local, el Gobierno dio a conocer la letra chica del Decreto de Necesidad y Urgencia (DNU) que se public\u00f3 este domingo, destinado a contener la situaci\u00f3n de inquilinos. &nbsp; Seg\u00fan el texto, hasta el 30 de septiembre de este a\u00f1o rigen las siguientes medidas:&#8230;<\/p>\n","protected":false},"author":3,"featured_media":59664,"comment_status":"closed","ping_status":"closed","sticky":false,"template":"","format":"standard","meta":[],"categories":[2],"tags":[],"_links":{"self":[{"href":"https:\/\/www.actualidadadiario.com\/index.php\/wp-json\/wp\/v2\/posts\/59663"}],"collection":[{"href":"https:\/\/www.actualidadadiario.com\/index.php\/wp-json\/wp\/v2\/posts"}],"about":[{"href":"https:\/\/www.actualidadadiario.com\/index.php\/wp-json\/wp\/v2\/types\/post"}],"author":[{"embeddable":true,"href":"https:\/\/www.actualidadadiario.com\/index.php\/wp-json\/wp\/v2\/users\/3"}],"replies":[{"embeddable":true,"href":"https:\/\/www.actualidadadiario.com\/index.php\/wp-json\/wp\/v2\/comments?post=59663"}],"version-history":[{"count":1,"href":"https:\/\/www.actualidadadiario.com\/index.php\/wp-json\/wp\/v2\/posts\/59663\/revisions"}],"predecessor-version":[{"id":59665,"href":"https:\/\/www.actualidadadiario.com\/index.php\/wp-json\/wp\/v2\/posts\/59663\/revisions\/59665"}],"wp:featuredmedia":[{"embeddable":true,"href":"https:\/\/www.actualidadadiario.com\/index.php\/wp-json\/wp\/v2\/media\/59664"}],"wp:attachment":[{"href":"https:\/\/www.actualidadadiario.com\/index.php\/wp-json\/wp\/v2\/media?parent=59663"}],"wp:term":[{"taxonomy":"category","embeddable":true,"href":"https:\/\/www.actualidadadiario.com\/index.php\/wp-json\/wp\/v2\/categories?post=59663"},{"taxonomy":"post_tag","embeddable":true,"href":"https:\/\/www.actualidadadiario.com\/index.php\/wp-json\/wp\/v2\/tags?post=59663"}],"curies":[{"name":"wp","href":"https:\/\/api.w.org\/{rel}","templated":true}]}}