{"id":59651,"date":"2020-03-30T13:35:26","date_gmt":"2020-03-30T16:35:26","guid":{"rendered":"https:\/\/www.actualidadadiario.com\/?p=59651"},"modified":"2020-03-30T13:35:26","modified_gmt":"2020-03-30T16:35:26","slug":"lanzan-un-certificado-unico-nacional-para-transitar-sin-violar-la-cuarentena","status":"publish","type":"post","link":"https:\/\/www.actualidadadiario.com\/index.php\/2020\/03\/30\/lanzan-un-certificado-unico-nacional-para-transitar-sin-violar-la-cuarentena\/","title":{"rendered":"Lanzan un certificado \u00fanico nacional para transitar sin violar la cuarentena"},"content":{"rendered":"<p style=\"text-align: center;\"><em><strong>Los detalles del nuevo documento los inform\u00f3 el ministro del Interior, Eduardo &#8220;Wado&#8221; de Pedro. Tiene car\u00e1cter de declaraci\u00f3n jurada por lo que falsear los datos dar\u00e1 lugar a sanciones penales<\/strong><\/em><\/p>\n<p>&nbsp;<\/p>\n<p>&nbsp;<\/p>\n<p>El Gobierno nacional puso en marcha desde hoy el &#8220;Certificado \u00danico Habilitante para Circulaci\u00f3n&#8221; que habilita a transitar por todo el pa\u00eds a aquellas personas que est\u00e9n exceptuadas del art\u00edculo 6 del Decreto Presidencial 297\/20, inform\u00f3 hoy el Ministerio del Interior.<\/p>\n<p>\u201cDespu\u00e9s del decreto que fij\u00f3 el aislamiento social preventivo era necesario tener un sistema unificado y con criterio \u00fanico para emisi\u00f3n de autorizaciones de circulaci\u00f3n en todo el pa\u00eds&#8221;, indic\u00f3 el ministro del Interior, Eduardo \u201cWado\u201d de Pedro. &#8220;Tendr\u00e1 car\u00e1cter de declaraci\u00f3n jurada para los aplicantes por lo que, el eventual falseamiento de datos dar\u00e1 lugar a sanciones que resulten aplicables seg\u00fan la normativa vigente\u201d, aclar\u00f3 el ministro.<\/p>\n<p>A trav\u00e9s de esta herramienta, podr\u00e1n circular los ciudadanos alcanzados en las excepciones previstas por el art\u00edculo 6\u00b0 del Decreto Presidencial 297\/20. Este certificado se valida a trav\u00e9s de la plataforma \u201cTr\u00e1mites a Distancia\u201d (TAD) y ser\u00e1 exhibido a requerimiento de la autoridad competente al momento de circular por la v\u00eda p\u00fablica, junto con el Documento Nacional de Identidad.<\/p>\n<p>A la vez -destacaron-, quedar\u00e1n exceptuados de la obligaci\u00f3n de tramitar el CUHC aquellas personas que deban desplazarse por razones de fuerza mayor, por lo que en este caso deber\u00e1n acreditar la excepci\u00f3n al \u201caislamiento social, preventivo y obligatorio\u201d con documentaci\u00f3n fehaciente que compruebe los motivos de su circulaci\u00f3n por la v\u00eda p\u00fablica.<\/p>\n","protected":false},"excerpt":{"rendered":"<p>Los detalles del nuevo documento los inform\u00f3 el ministro del Interior, Eduardo &#8220;Wado&#8221; de Pedro. Tiene car\u00e1cter de declaraci\u00f3n jurada por lo que falsear los datos dar\u00e1 lugar a sanciones penales &nbsp; &nbsp; El Gobierno nacional puso en marcha desde hoy el &#8220;Certificado \u00danico Habilitante para Circulaci\u00f3n&#8221; que habilita a transitar por todo el pa\u00eds a aquellas personas que est\u00e9n exceptuadas del art\u00edculo 6 del Decreto Presidencial 297\/20, inform\u00f3 hoy el Ministerio del Interior. \u201cDespu\u00e9s del decreto que fij\u00f3 el aislamiento social preventivo era necesario tener un sistema unificado y&#8230;<\/p>\n","protected":false},"author":3,"featured_media":59652,"comment_status":"closed","ping_status":"closed","sticky":false,"template":"","format":"standard","meta":[],"categories":[2],"tags":[],"_links":{"self":[{"href":"https:\/\/www.actualidadadiario.com\/index.php\/wp-json\/wp\/v2\/posts\/59651"}],"collection":[{"href":"https:\/\/www.actualidadadiario.com\/index.php\/wp-json\/wp\/v2\/posts"}],"about":[{"href":"https:\/\/www.actualidadadiario.com\/index.php\/wp-json\/wp\/v2\/types\/post"}],"author":[{"embeddable":true,"href":"https:\/\/www.actualidadadiario.com\/index.php\/wp-json\/wp\/v2\/users\/3"}],"replies":[{"embeddable":true,"href":"https:\/\/www.actualidadadiario.com\/index.php\/wp-json\/wp\/v2\/comments?post=59651"}],"version-history":[{"count":1,"href":"https:\/\/www.actualidadadiario.com\/index.php\/wp-json\/wp\/v2\/posts\/59651\/revisions"}],"predecessor-version":[{"id":59653,"href":"https:\/\/www.actualidadadiario.com\/index.php\/wp-json\/wp\/v2\/posts\/59651\/revisions\/59653"}],"wp:featuredmedia":[{"embeddable":true,"href":"https:\/\/www.actualidadadiario.com\/index.php\/wp-json\/wp\/v2\/media\/59652"}],"wp:attachment":[{"href":"https:\/\/www.actualidadadiario.com\/index.php\/wp-json\/wp\/v2\/media?parent=59651"}],"wp:term":[{"taxonomy":"category","embeddable":true,"href":"https:\/\/www.actualidadadiario.com\/index.php\/wp-json\/wp\/v2\/categories?post=59651"},{"taxonomy":"post_tag","embeddable":true,"href":"https:\/\/www.actualidadadiario.com\/index.php\/wp-json\/wp\/v2\/tags?post=59651"}],"curies":[{"name":"wp","href":"https:\/\/api.w.org\/{rel}","templated":true}]}}