{"id":59645,"date":"2020-03-30T13:33:24","date_gmt":"2020-03-30T16:33:24","guid":{"rendered":"https:\/\/www.actualidadadiario.com\/?p=59645"},"modified":"2020-03-30T13:33:24","modified_gmt":"2020-03-30T16:33:24","slug":"llegaron-al-pais-mas-de-un-centenar-de-medicos-repatriados-de-europa","status":"publish","type":"post","link":"https:\/\/www.actualidadadiario.com\/index.php\/2020\/03\/30\/llegaron-al-pais-mas-de-un-centenar-de-medicos-repatriados-de-europa\/","title":{"rendered":"Llegaron al pa\u00eds m\u00e1s de un centenar de m\u00e9dicos repatriados de Europa"},"content":{"rendered":"<p style=\"text-align: center;\"><em><strong>M\u00e1s de m\u00e1s de un centenar de profesionales de la salud, entre m\u00e9dicos, enfermeros y kinesi\u00f3logos argentinos, regres\u00f3 a Buenos Aires procedente de Europa, donde estaban dando clases en universidades o completando posgrados. Se sumar\u00e1n al equipo sanitario que est\u00e1 trabajando para mitigar el avance del brote de coronavirus en el pa\u00eds<\/strong><\/em><\/p>\n<p>&nbsp;<\/p>\n<p>&#8220;Nos fuimos conectando alrededor de 300 profesionales que est\u00e1bamos en distintos puntos del mundo y al final coincidimos un grupo que nos dispusimos para estar ac\u00e1 y ayudar. Por eso agradecemos a los embajadores, a los c\u00f3nsules y a Corporaci\u00f3n Am\u00e9rica, que nos pag\u00f3 el pasaje de Espa\u00f1a a Suiza para poder tomar este vuelo&#8221;, dijo Yael Zin, una de las m\u00e9dicas en una conferencia de prensa ofrecida en el Aeropuerto Internacional de Ezeiza, este domingo por la noche.<\/p>\n<p>&#8220;Nos sali\u00f3 de lo m\u00e1s profundo, nos organizamos y aqu\u00ed estamos; muy contentos de la decisi\u00f3n tomada&#8221;, agreg\u00f3.<\/p>\n<p>Por su parte, Luciano Castro, otro de los profesionales, sostuvo que se traslad\u00f3 a Madrid y que desde all\u00ed se fueron juntando en Barcelona. &#8220;La situaci\u00f3n es muy dif\u00edcil, pero quer\u00edamos volver para ayudar. Ahora vamos a pasar la cuarentena y despu\u00e9s nos iremos presentando en los hospitales para sumarnos&#8221;.<\/p>\n<p>A su vez, Mar\u00eda Echeverri dijo que &#8220;en Argentina se tomaron medidas r\u00e1pido y eso puede ayudar a que el impacto sea menor&#8221;. La profesional asever\u00f3 que &#8220;la cuarentena es fundamental y por ahora es una de las pocas soluciones que tenemos&#8221;.<\/p>\n<p>Un avi\u00f3n de la empresa Edelweiss, perteneciente al grupo Lufthansa, arrib\u00f3 a las 19.37 de ayer a Ezeiza. En principio, este vuelo estaba previsto que llegase a la Argentina en car\u00e1cter de &#8220;ferry&#8221;, es decir sin pasajeros, seg\u00fan hab\u00edan indicado a T\u00e9lam fuentes aeron\u00e1uticas. Pero los m\u00e9dicos y dem\u00e1s profesionales lograron movilizarse para arribar a Zurich.<\/p>\n<p>El embajador en Berna, Luis Mar\u00eda Kreckler, negoci\u00f3 con la empresa Edelweiss y el gobierno suizo, la posibilidad de que los profesionales pudiesen &#8220;abordar el vuelo de la empresa, que viajar\u00eda vac\u00edo&#8221;, sin costo alguno, gesti\u00f3n en las que tambi\u00e9n intervino el ministro de Relaciones Exteriores Felipe Sol\u00e1.<\/p>\n<p>El propio canciller, m\u00e1s Kreckler, colabor\u00f3 para la concreci\u00f3n del viaje, del mismo modo que tambi\u00e9n participaron el secretario de Relaciones Econ\u00f3micas Internacionales, Jorge Neme, y el c\u00f3nsul argentino en Barcelona, Alejandro Alonso.<\/p>\n<p>Est\u00e1 previsto que el vuelo de Edelweiss parta de regreso a Zurich hoy a las 15 con turistas de ese pa\u00eds que se encontraban en la Argentina.<\/p>\n","protected":false},"excerpt":{"rendered":"<p>M\u00e1s de m\u00e1s de un centenar de profesionales de la salud, entre m\u00e9dicos, enfermeros y kinesi\u00f3logos argentinos, regres\u00f3 a Buenos Aires procedente de Europa, donde estaban dando clases en universidades o completando posgrados. Se sumar\u00e1n al equipo sanitario que est\u00e1 trabajando para mitigar el avance del brote de coronavirus en el pa\u00eds &nbsp; &#8220;Nos fuimos conectando alrededor de 300 profesionales que est\u00e1bamos en distintos puntos del mundo y al final coincidimos un grupo que nos dispusimos para estar ac\u00e1 y ayudar. Por eso agradecemos a los embajadores, a los c\u00f3nsules&#8230;<\/p>\n","protected":false},"author":3,"featured_media":59646,"comment_status":"closed","ping_status":"closed","sticky":false,"template":"","format":"standard","meta":[],"categories":[9],"tags":[],"_links":{"self":[{"href":"https:\/\/www.actualidadadiario.com\/index.php\/wp-json\/wp\/v2\/posts\/59645"}],"collection":[{"href":"https:\/\/www.actualidadadiario.com\/index.php\/wp-json\/wp\/v2\/posts"}],"about":[{"href":"https:\/\/www.actualidadadiario.com\/index.php\/wp-json\/wp\/v2\/types\/post"}],"author":[{"embeddable":true,"href":"https:\/\/www.actualidadadiario.com\/index.php\/wp-json\/wp\/v2\/users\/3"}],"replies":[{"embeddable":true,"href":"https:\/\/www.actualidadadiario.com\/index.php\/wp-json\/wp\/v2\/comments?post=59645"}],"version-history":[{"count":1,"href":"https:\/\/www.actualidadadiario.com\/index.php\/wp-json\/wp\/v2\/posts\/59645\/revisions"}],"predecessor-version":[{"id":59647,"href":"https:\/\/www.actualidadadiario.com\/index.php\/wp-json\/wp\/v2\/posts\/59645\/revisions\/59647"}],"wp:featuredmedia":[{"embeddable":true,"href":"https:\/\/www.actualidadadiario.com\/index.php\/wp-json\/wp\/v2\/media\/59646"}],"wp:attachment":[{"href":"https:\/\/www.actualidadadiario.com\/index.php\/wp-json\/wp\/v2\/media?parent=59645"}],"wp:term":[{"taxonomy":"category","embeddable":true,"href":"https:\/\/www.actualidadadiario.com\/index.php\/wp-json\/wp\/v2\/categories?post=59645"},{"taxonomy":"post_tag","embeddable":true,"href":"https:\/\/www.actualidadadiario.com\/index.php\/wp-json\/wp\/v2\/tags?post=59645"}],"curies":[{"name":"wp","href":"https:\/\/api.w.org\/{rel}","templated":true}]}}