{"id":59642,"date":"2020-03-30T13:32:11","date_gmt":"2020-03-30T16:32:11","guid":{"rendered":"https:\/\/www.actualidadadiario.com\/?p=59642"},"modified":"2020-03-30T13:32:11","modified_gmt":"2020-03-30T16:32:11","slug":"el-poder-judicial-evaluara-la-creacion-de-un-fondo-solidario","status":"publish","type":"post","link":"https:\/\/www.actualidadadiario.com\/index.php\/2020\/03\/30\/el-poder-judicial-evaluara-la-creacion-de-un-fondo-solidario\/","title":{"rendered":"El Poder Judicial evaluar\u00e1 la creaci\u00f3n de un fondo solidario"},"content":{"rendered":"<p style=\"text-align: center;\"><em><strong>El Superior Tribunal de Justicia (STJ) se reunir\u00e1 esta ma\u00f1ana en sesi\u00f3n de acuerdo para definir dos cuestiones fundamentales: la continuidad de la suspensi\u00f3n de actividades en la Justicia y la creaci\u00f3n de un fondo solidario al que podr\u00edan aportar voluntariamente quienes integran la magistratura<\/strong><\/em><\/p>\n<p>&nbsp;<\/p>\n<p>El STJ realizar\u00e1 su acuerdo semanal de manera presencial en el segundo piso del Palacio de Tribunales a las 10 de la ma\u00f1ana. El tema m\u00e1s importante a resolver por los 9 integrantes del cuerpo es la continuidad de la suspensi\u00f3n de las actividades judiciales, impuesta en consonancia con la cuarentena dispuesta por el Gobierno nacional, que ahora se ha extendido hasta Semana Santa.<\/p>\n<p>El presidente del Superior, Mart\u00edn Carbonell, y los ocho vocales del cuerpo deber\u00e1n definir si prolongan la restricci\u00f3n de actividades o no. En la Justicia esta decisi\u00f3n no es f\u00e1cil, ya que hay procesos en marcha donde se debe decidir sobre la libertad y los bienes de las personas que est\u00e1n en pausa desde hace varios d\u00edas.<\/p>\n<p>Adem\u00e1s, el STJ debatir\u00e1 la conformaci\u00f3n de un fondo solidario para recaudar dinero entre quienes integran el Poder Judicial, destinado a la atenci\u00f3n de la pandemia de Coronavirus. Este sistema ser\u00e1 solidario, siguiendo el modelo impuesto en otras provincias.<\/p>\n<p>Tras el decreto del Poder Ejecutivo rebajando un 50% los sueldos de funcionarios y la adhesi\u00f3n de la Legislatura, faltaba conocer qu\u00e9 actitud tomar\u00eda el Judicial. El esquema de la Justicia, donde jueces y magistrados tienen intangibilidad del sueldo por mandato constitucional, impide que el STJ pueda dictar una medida que alcance a todos los Tribunales provinciales. De all\u00ed que se haya decidido optar por la f\u00f3rmula voluntaria y solidaria.<\/p>\n<p>El fondo, indicaron las fuentes tribunalicias, tendr\u00eda afectaci\u00f3n por circunscripci\u00f3n. De all\u00ed que, por ejemplo, lo recaudado en Concordia podr\u00eda servir para atender necesidades del Hospital Masvernat o lo colectado en Uruguay podr\u00eda ser derivado a gastos del Hospital Urquiza. La Justicia no ceder\u00e1 el control de este fondo, que ser\u00e1 auditado por el Tribunal de Cuentas.<\/p>\n","protected":false},"excerpt":{"rendered":"<p>El Superior Tribunal de Justicia (STJ) se reunir\u00e1 esta ma\u00f1ana en sesi\u00f3n de acuerdo para definir dos cuestiones fundamentales: la continuidad de la suspensi\u00f3n de actividades en la Justicia y la creaci\u00f3n de un fondo solidario al que podr\u00edan aportar voluntariamente quienes integran la magistratura &nbsp; El STJ realizar\u00e1 su acuerdo semanal de manera presencial en el segundo piso del Palacio de Tribunales a las 10 de la ma\u00f1ana. El tema m\u00e1s importante a resolver por los 9 integrantes del cuerpo es la continuidad de la suspensi\u00f3n de las actividades&#8230;<\/p>\n","protected":false},"author":3,"featured_media":59643,"comment_status":"closed","ping_status":"closed","sticky":false,"template":"","format":"standard","meta":[],"categories":[15],"tags":[],"_links":{"self":[{"href":"https:\/\/www.actualidadadiario.com\/index.php\/wp-json\/wp\/v2\/posts\/59642"}],"collection":[{"href":"https:\/\/www.actualidadadiario.com\/index.php\/wp-json\/wp\/v2\/posts"}],"about":[{"href":"https:\/\/www.actualidadadiario.com\/index.php\/wp-json\/wp\/v2\/types\/post"}],"author":[{"embeddable":true,"href":"https:\/\/www.actualidadadiario.com\/index.php\/wp-json\/wp\/v2\/users\/3"}],"replies":[{"embeddable":true,"href":"https:\/\/www.actualidadadiario.com\/index.php\/wp-json\/wp\/v2\/comments?post=59642"}],"version-history":[{"count":1,"href":"https:\/\/www.actualidadadiario.com\/index.php\/wp-json\/wp\/v2\/posts\/59642\/revisions"}],"predecessor-version":[{"id":59644,"href":"https:\/\/www.actualidadadiario.com\/index.php\/wp-json\/wp\/v2\/posts\/59642\/revisions\/59644"}],"wp:featuredmedia":[{"embeddable":true,"href":"https:\/\/www.actualidadadiario.com\/index.php\/wp-json\/wp\/v2\/media\/59643"}],"wp:attachment":[{"href":"https:\/\/www.actualidadadiario.com\/index.php\/wp-json\/wp\/v2\/media?parent=59642"}],"wp:term":[{"taxonomy":"category","embeddable":true,"href":"https:\/\/www.actualidadadiario.com\/index.php\/wp-json\/wp\/v2\/categories?post=59642"},{"taxonomy":"post_tag","embeddable":true,"href":"https:\/\/www.actualidadadiario.com\/index.php\/wp-json\/wp\/v2\/tags?post=59642"}],"curies":[{"name":"wp","href":"https:\/\/api.w.org\/{rel}","templated":true}]}}