{"id":59635,"date":"2020-03-30T13:29:28","date_gmt":"2020-03-30T16:29:28","guid":{"rendered":"https:\/\/www.actualidadadiario.com\/?p=59635"},"modified":"2020-03-30T13:29:28","modified_gmt":"2020-03-30T16:29:28","slug":"ministerio-de-salud-de-entre-rios-no-se-registraron-nuevos-casos-de-covid-19","status":"publish","type":"post","link":"https:\/\/www.actualidadadiario.com\/index.php\/2020\/03\/30\/ministerio-de-salud-de-entre-rios-no-se-registraron-nuevos-casos-de-covid-19\/","title":{"rendered":"Ministerio de Salud de Entre R\u00edos: &#8220;No se registraron nuevos casos&#8221; de Covid-19"},"content":{"rendered":"<p style=\"text-align: center;\"><em><strong>De acuerdo a los datos reportados al 29 de marzo, por el \u00e1rea de Vigilancia Epidemiol\u00f3gica del Ministerio de Salud, la provincia no registr\u00f3 nuevos casos de Coronavirus<\/strong><\/em><\/p>\n<p>&nbsp;<\/p>\n<p>&nbsp;<\/p>\n<p>De acuerdo a la informaci\u00f3n que dio a conocer, este domingo, el Ministerio de Salud de Entre R\u00edos, no se registraron nuevos casos de Coronavirus por lo tanto mantiene los 10 casos confirmados.<\/p>\n<p>&#8220;De los diez infectados, ocho est\u00e1n bajo atenci\u00f3n ambulatoria y dos internados en dos cl\u00ednicas diferentes de la provincia&#8221;, comunic\u00f3 a Elonce TV el secretario de Pol\u00edticas Sanitarias y de Bienestar, Guillermo Zanutini, sin brindar mayor informaci\u00f3n particular de los pacientes.<\/p>\n<p>Por otro lado, confirmaron que fueron descartados 60 casos sospechosos de Covid-19; mientras que otros 65 permanecen en estudio.<\/p>\n","protected":false},"excerpt":{"rendered":"<p>De acuerdo a los datos reportados al 29 de marzo, por el \u00e1rea de Vigilancia Epidemiol\u00f3gica del Ministerio de Salud, la provincia no registr\u00f3 nuevos casos de Coronavirus &nbsp; &nbsp; De acuerdo a la informaci\u00f3n que dio a conocer, este domingo, el Ministerio de Salud de Entre R\u00edos, no se registraron nuevos casos de Coronavirus por lo tanto mantiene los 10 casos confirmados. &#8220;De los diez infectados, ocho est\u00e1n bajo atenci\u00f3n ambulatoria y dos internados en dos cl\u00ednicas diferentes de la provincia&#8221;, comunic\u00f3 a Elonce TV el secretario de Pol\u00edticas&#8230;<\/p>\n","protected":false},"author":3,"featured_media":59457,"comment_status":"closed","ping_status":"closed","sticky":false,"template":"","format":"standard","meta":[],"categories":[15],"tags":[],"_links":{"self":[{"href":"https:\/\/www.actualidadadiario.com\/index.php\/wp-json\/wp\/v2\/posts\/59635"}],"collection":[{"href":"https:\/\/www.actualidadadiario.com\/index.php\/wp-json\/wp\/v2\/posts"}],"about":[{"href":"https:\/\/www.actualidadadiario.com\/index.php\/wp-json\/wp\/v2\/types\/post"}],"author":[{"embeddable":true,"href":"https:\/\/www.actualidadadiario.com\/index.php\/wp-json\/wp\/v2\/users\/3"}],"replies":[{"embeddable":true,"href":"https:\/\/www.actualidadadiario.com\/index.php\/wp-json\/wp\/v2\/comments?post=59635"}],"version-history":[{"count":1,"href":"https:\/\/www.actualidadadiario.com\/index.php\/wp-json\/wp\/v2\/posts\/59635\/revisions"}],"predecessor-version":[{"id":59636,"href":"https:\/\/www.actualidadadiario.com\/index.php\/wp-json\/wp\/v2\/posts\/59635\/revisions\/59636"}],"wp:featuredmedia":[{"embeddable":true,"href":"https:\/\/www.actualidadadiario.com\/index.php\/wp-json\/wp\/v2\/media\/59457"}],"wp:attachment":[{"href":"https:\/\/www.actualidadadiario.com\/index.php\/wp-json\/wp\/v2\/media?parent=59635"}],"wp:term":[{"taxonomy":"category","embeddable":true,"href":"https:\/\/www.actualidadadiario.com\/index.php\/wp-json\/wp\/v2\/categories?post=59635"},{"taxonomy":"post_tag","embeddable":true,"href":"https:\/\/www.actualidadadiario.com\/index.php\/wp-json\/wp\/v2\/tags?post=59635"}],"curies":[{"name":"wp","href":"https:\/\/api.w.org\/{rel}","templated":true}]}}