{"id":59632,"date":"2020-03-30T13:28:44","date_gmt":"2020-03-30T16:28:44","guid":{"rendered":"https:\/\/www.actualidadadiario.com\/?p=59632"},"modified":"2020-03-30T13:28:44","modified_gmt":"2020-03-30T16:28:44","slug":"la-provincia-fortalece-las-politicas-alimentarias-y-de-cuidado-ante-el-coronavirus","status":"publish","type":"post","link":"https:\/\/www.actualidadadiario.com\/index.php\/2020\/03\/30\/la-provincia-fortalece-las-politicas-alimentarias-y-de-cuidado-ante-el-coronavirus\/","title":{"rendered":"La provincia fortalece las pol\u00edticas alimentarias y de cuidado ante el coronavirus"},"content":{"rendered":"<p style=\"text-align: center;\"><em><strong>Desde el Ministerio de Desarrollo Social de la provincia se inform\u00f3 sobre las pol\u00edticas que se implementan para la asistir a la poblaci\u00f3n, sobre todo a los sectores m\u00e1s vulnerables, durante la emergencia sanitaria. Tambi\u00e9n se destac\u00f3 la contenci\u00f3n y protecci\u00f3n hacia los adultos mayores<\/strong><\/em><\/p>\n<p>&nbsp;<\/p>\n<p>&nbsp;<\/p>\n<p>En una nueva conferencia de prensa virtual realizada desde la Sala de Periodistas de la Casa de Gobierno, la ministra de Desarrollo Social, Marisa Paira, se refiri\u00f3 a los canales de comunicaci\u00f3n establecidos en las diferentes \u00e1reas de esa cartera para asistir a la poblaci\u00f3n y la tarea en articulaci\u00f3n con los municipios, juntas de gobierno, comunas y la Naci\u00f3n.<\/p>\n<p>Por su parte, la subsecretaria de Desarrollo Humano y Pol\u00edticas del Cuidado, Muriel Stablum, hizo referencia a las acciones que realiza la cartera social en el contexto de la cuarentena y remarc\u00f3 las estrategias preventivas, de protecci\u00f3n y cuidados que se lleva a adelante con los adultos mayores.<\/p>\n<p>&nbsp;<\/p>\n<p><strong>Articulaci\u00f3n<\/strong><\/p>\n<p>Marisa Paira precis\u00f3 que desde esa cartera se contin\u00faa trabajando, tal como lo ha indicado el gobernador Gustavo Bordet, \u201ccon una fuerte impronta articulada con los municipios, juntas de gobierno y comunas de la provincia, para fortalecer las estrategias de atenci\u00f3n y contenci\u00f3n de la sociedad&#8221;.<\/p>\n<p>Dijo que cada \u00e1rea municipal y cada localidad est\u00e1 generando, acompa\u00f1ada por el Estado provincial y nacional, una estrategia propia con las fuerzas locales y con los agentes sociales, \u201clo que posibilita una mejor manera de atender la poblaci\u00f3n de mayor grado de vulnerabilidad y de mayor riesgo&#8221;.<\/p>\n<p>A su vez la ministra record\u00f3 que contin\u00faa abierta la pre-inscripci\u00f3n al Ingreso Familiar de Emergencia (IFE), de acuerdo al cronograma fijado por Anses, que cooresponde a trabajadores y trabajadoras informales, y de casas particulares, monotributistas sociales, y de las categor\u00edas A y B. El tr\u00e1mite se realiza en el sitio www.anses.gob.ar. \u201cQuienes tienen la Asignaci\u00f3n Universal por Hijo o por Embarazo ya se encuentran pre-inscritos y no deben hacer otra inscripci\u00f3n. Esto es importante porque facilita que no se sature el sistema y se puedan inscribir quienes realmente lo necesitan&#8221;, se\u00f1al\u00f3.<\/p>\n<p>Por otro lado, apunt\u00f3 que el viernes &#8220;se acredit\u00f3 el refuerzo de la Asignaci\u00f3n Universal prevista por el gobierno nacional y se puede retirar a trav\u00e9s de los cajeros&#8221;.<\/p>\n<p>&nbsp;<\/p>\n<p><strong>Pol\u00edtica alimentaria<\/strong><\/p>\n<p>&#8220;Desde el Ministerio tambi\u00e9n continuamos trabajando en el fortalecimiento de las pol\u00edticas alimentarias a trav\u00e9s de los comedores escolares, que hoy son m\u00e1s de 500 en la provincia en donde se entregan viandas a madres, padres o tutores&#8221;, indic\u00f3 Paira, que agradeci\u00f3 a los cocineros, cocineras, y al personal de las escuelas que est\u00e1n acompa\u00f1ando y sosteniendo la entrega de la comida.<\/p>\n<p>La funcionaria coment\u00f3 que desde la cartera contin\u00faan trabajando con las organizaciones y movimiento sociales, con los comedores comunitarios y municipales, \u201creforzando con otros sector de la poblaci\u00f3n que no es el que llega a los comedores escolares&#8221;.<\/p>\n<p>&#8220;El Ministerio de Desarrollo, a trav\u00e9s del Iprodi, cuenta tambi\u00e9n con una guardia de Lengua de Se\u00f1as Argentina para poder comunicarse todos los d\u00edas al tel\u00e9fono (343)4591291, de 8 a 12, y a trav\u00e9s de 0800-888-4044 del Instituto para cualquier consulta que pueda haber respecto al certificado de discapacidad o particulares&#8221;, reafirm\u00f3.<\/p>\n<p>&nbsp;<\/p>\n<p><strong>Violencia de g\u00e9nero<\/strong><\/p>\n<p>Paira inform\u00f3 que la Secretar\u00eda de la Mujer est\u00e1 atendiendo de 8 a 12, todos lodos los d\u00edas, en 25 de Junio 230 en la capital provincial, en forma articulada con la Direcci\u00f3n de Asistencia a la V\u00edctima, a la cual se pueden llamar al 0800-888-8428, y con el Programa de Violencia Social que atiende personalmente en Uruguay 235, de 7 a 16 horas y en los tel\u00e9fonos (0343) 4209658 y (0343) 4840955.<\/p>\n<p>Record\u00f3 que est\u00e1 habilitado el n\u00famero de tel\u00e9fono 144 para cualquier denuncia o consulta. Se trata de una l\u00ednea nacional que est\u00e1 articulada con los equipos locales.<\/p>\n<p>&nbsp;<\/p>\n<p><strong>Econom\u00eda social<\/strong><\/p>\n<p>La ministra puntualiz\u00f3 que desde la Secretar\u00eda de Econom\u00eda Social se est\u00e1 trabajando en dos l\u00edneas. &#8220;Por un lado, con un registro de emprendedores de la econom\u00eda social para poder promover a trav\u00e9s de un sistema de delivery lo que pueden ir produciendo, pensando en la posibilidad de fortalecer la producci\u00f3n de elementos frescos como ven\u00edamos trabajando en las acreditaciones y entregas de la tarjeta Alimentar a trav\u00e9s de los mercados populares&#8221;, explic\u00f3.<\/p>\n<p>Por otro lado, indic\u00f3 que &#8220;hay un fuerte trabajo con las cooperativas de Rosario del Tala, Aldea Eigenfeld, Villaguay, Bovril, Paran\u00e1 y Concordia, que se encuentran abocadas a la producci\u00f3n de barbijos para las distintas a\u00e9reas del Estado que los necesiten&#8221;.<\/p>\n<p>Apunt\u00f3 que el Ministerio de Desarrollo Social, a trav\u00e9s de Deportes y Juventud, &#8220;est\u00e1 trabajando en desaf\u00edos, mensajes, y acompa\u00f1amiento a la comunidad a trav\u00e9s de videos y distintos materiales que est\u00e1n disponibles tanto en el Instagram como en el Facebook&#8221;.<\/p>\n<p>&#8220;En estos tiempos es importante fortalecernos y fortalecer la solidaridad entre todos, dejar canales abiertos\u201d, dijo Paira y agradeci\u00f3 a los medios de comunicaci\u00f3n y a las redes sociales \u201cque nos permiten estar comunicados; aprovech\u00e9moslo para fortalecer los lazos, y para sacarnos dudas, porque hoy necesitamos cuidarnos entre todos y del esfuerzo de todos&#8221;.<\/p>\n<p>&nbsp;<\/p>\n<p><strong>Adultos mayores<\/strong><\/p>\n<p>En tanto, la subsecretaria de Desarrollo Humano y Pol\u00edticas del Cuidado, Muriel Stablum, explic\u00f3 que junto a la Direcci\u00f3n de Adultos Mayores &#8220;se vienen trabajando diversas estrategias preventivas, de protecci\u00f3n y cuidados, espec\u00edficamente de adultos mayores. Entendemos que es la poblaci\u00f3n m\u00e1s vulnerable en esta situaci\u00f3n&#8221;.<\/p>\n<p>La funcionaria sostuvo que la situaci\u00f3n implica &#8220;una reorganizaci\u00f3n social en la tarea del cuidado que d\u00eda a d\u00eda sostiene nuestra comunidad&#8221;. En este contexto se trabaj\u00f3 con las instituciones que son de larga estad\u00eda, sean municipales, privadas o sin fines de lucro. Se hicieron recomendaciones que previamente fueron evaluadas por el COES y se les explic\u00f3 a los adultos mayores que la situaci\u00f3n es din\u00e1mica y que las medidas dependen del escenario epidemiol\u00f3gico.<\/p>\n<p>&#8220;Se tomaron medidas muy claras. Se suspendieron absolutamente todas las actividades que reun\u00eda a mucha gente, as\u00ed como las actividades educativas dentro de las instituciones, visitas de familiares y de lo que fuera ajeno a las instituciones\u00ab, puntualiz\u00f3.<\/p>\n<p>&nbsp;<\/p>\n<p><strong>Trabajo con entidades<\/strong><\/p>\n<p>Desde la Subsecretar\u00eda articularon con todos los centros de jubilados y pensionados y las Iglesias donde participan muchos adultos mayores. En ese sentido, mencion\u00f3 que hicieron hincapi\u00e9 en los primeros d\u00edas de cuarentena porque la mayor cantidad de personas que se ve\u00edan en la calle eran adultas mayores. &#8220;Tuvimos que trabajar mucho a nivel municipal para que puedan comprender que era la poblaci\u00f3n m\u00e1s vulnerable y que se ten\u00eda que resguardar en su domicilio&#8221;, indic\u00f3 Stablum.<\/p>\n<p>Por otra parte, sobre los adultos mayores que no est\u00e1n institucionalizados, la funcionaria mencion\u00f3: &#8220;Trajamos con la coordinaci\u00f3n con los municipios, algunos tienen \u00e1reas de adultos mayores y otros tienen referentes, m\u00e1s que nada el resguardo en sus domicilios, la higiene y apelando a la solidaridad de los m\u00e1s cercanos de estas personas mayores, para hacer alg\u00fan mandado o tr\u00e1mite y que ellos puedan estar tranquilos dentro de sus domicilios&#8221;.<\/p>\n<p>Asimismo, habl\u00f3 de la importancia de la alimentaci\u00f3n: &#8220;Estamos trabajando en reforzar la alimentaci\u00f3n saludable de esta poblaci\u00f3n&#8221;, apunt\u00f3.<\/p>\n<p>&#8220;Agradecemos a los cuidadores domiciliarios y de instituciones que con mucho amor, paciencia y responsabilidad est\u00e1n llevando adelante esta atenci\u00f3n de la personas mayores. Han explicado las veces necesarias a las personas mayores cu\u00e1l es la situaci\u00f3n y por qu\u00e9 tienen que cuidarse m\u00e1s que cualquier otra persona&#8221;, asever\u00f3. &#8220;Sobre todo a los lugares donde hay personas que est\u00e1n transitando alguna demencia que son situaciones m\u00e1s complejas&#8221;, agreg\u00f3.<\/p>\n<p>&#8220;Hemos hecho mucho hincapi\u00e9 en la necesidad de la vacunaci\u00f3n y de trabajar a nivel territorial, el poder resguardarlos y que cualquier consulta la hagan v\u00eda telef\u00f3nica y no salgan de sus hogares&#8221;, indic\u00f3 Stablum.<\/p>\n<p>Sobre el final de la intervenci\u00f3n, agradeci\u00f3 al personal del Hogar de Ancianos Juana Sarriegui de Isthilart, que pertenece al Ministerio de Desarrollo Social: \u00bbAll\u00ed han tomado las medidas de manera r\u00e1pida para poder brindar la mejor protecci\u00f3n a los adultos mayores&#8221;.<\/p>\n<p>Stablum reiter\u00f3 que para consultas las personas pueden comunicarse a la Direcci\u00f3n de Adultos Mayores (0343) 4311442 de 8 a 12 de lunes a viernes y a Subsecretar\u00eda (0343) 4208855. Adem\u00e1s, a trav\u00e9s del 08007778476, que se canalizan las consultas las 24 horas.<\/p>\n","protected":false},"excerpt":{"rendered":"<p>Desde el Ministerio de Desarrollo Social de la provincia se inform\u00f3 sobre las pol\u00edticas que se implementan para la asistir a la poblaci\u00f3n, sobre todo a los sectores m\u00e1s vulnerables, durante la emergencia sanitaria. Tambi\u00e9n se destac\u00f3 la contenci\u00f3n y protecci\u00f3n hacia los adultos mayores &nbsp; &nbsp; En una nueva conferencia de prensa virtual realizada desde la Sala de Periodistas de la Casa de Gobierno, la ministra de Desarrollo Social, Marisa Paira, se refiri\u00f3 a los canales de comunicaci\u00f3n establecidos en las diferentes \u00e1reas de esa cartera para asistir a&#8230;<\/p>\n","protected":false},"author":3,"featured_media":59633,"comment_status":"closed","ping_status":"closed","sticky":false,"template":"","format":"standard","meta":[],"categories":[15],"tags":[],"_links":{"self":[{"href":"https:\/\/www.actualidadadiario.com\/index.php\/wp-json\/wp\/v2\/posts\/59632"}],"collection":[{"href":"https:\/\/www.actualidadadiario.com\/index.php\/wp-json\/wp\/v2\/posts"}],"about":[{"href":"https:\/\/www.actualidadadiario.com\/index.php\/wp-json\/wp\/v2\/types\/post"}],"author":[{"embeddable":true,"href":"https:\/\/www.actualidadadiario.com\/index.php\/wp-json\/wp\/v2\/users\/3"}],"replies":[{"embeddable":true,"href":"https:\/\/www.actualidadadiario.com\/index.php\/wp-json\/wp\/v2\/comments?post=59632"}],"version-history":[{"count":1,"href":"https:\/\/www.actualidadadiario.com\/index.php\/wp-json\/wp\/v2\/posts\/59632\/revisions"}],"predecessor-version":[{"id":59634,"href":"https:\/\/www.actualidadadiario.com\/index.php\/wp-json\/wp\/v2\/posts\/59632\/revisions\/59634"}],"wp:featuredmedia":[{"embeddable":true,"href":"https:\/\/www.actualidadadiario.com\/index.php\/wp-json\/wp\/v2\/media\/59633"}],"wp:attachment":[{"href":"https:\/\/www.actualidadadiario.com\/index.php\/wp-json\/wp\/v2\/media?parent=59632"}],"wp:term":[{"taxonomy":"category","embeddable":true,"href":"https:\/\/www.actualidadadiario.com\/index.php\/wp-json\/wp\/v2\/categories?post=59632"},{"taxonomy":"post_tag","embeddable":true,"href":"https:\/\/www.actualidadadiario.com\/index.php\/wp-json\/wp\/v2\/tags?post=59632"}],"curies":[{"name":"wp","href":"https:\/\/api.w.org\/{rel}","templated":true}]}}