{"id":59627,"date":"2020-03-30T13:26:58","date_gmt":"2020-03-30T16:26:58","guid":{"rendered":"https:\/\/www.actualidadadiario.com\/?p=59627"},"modified":"2020-03-30T13:26:58","modified_gmt":"2020-03-30T16:26:58","slug":"bordet-respaldo-al-presidente-y-la-decision-de-extender-del-aislamiento","status":"publish","type":"post","link":"https:\/\/www.actualidadadiario.com\/index.php\/2020\/03\/30\/bordet-respaldo-al-presidente-y-la-decision-de-extender-del-aislamiento\/","title":{"rendered":"Bordet respald\u00f3 al presidente y la decisi\u00f3n de extender del aislamiento"},"content":{"rendered":"<p style=\"text-align: center;\"><em><strong>El gobernador Gustavo Bordet particip\u00f3 de la videoconferencia con el presidente Alberto Fern\u00e1ndez y respald\u00f3 la decisi\u00f3n de extender el periodo del aislamiento social, preventivo y obligatorio. Destac\u00f3 el \u201cmuy buen resultado\u201d de la medida \u201cpara controlar la circulaci\u00f3n del virus\u201d<\/strong><\/em><\/p>\n<p>&nbsp;<\/p>\n<p>&nbsp;<\/p>\n<p>\u201cHemos comprobado que el aislamiento social, preventivo y obligatorio ha dado muy buenos resultados para controlar la circulaci\u00f3n del virus\u201d, expres\u00f3 Bordet luego de la videoconferencia que mantuvo con el presidente Alberto Fern\u00e1ndez y los dem\u00e1s gobernadores de la Argentina donde se acord\u00f3 la extensi\u00f3n de la medida.<\/p>\n<p>Tambi\u00e9n agradeci\u00f3 al presidente Alberto Fern\u00e1ndez \u201cpor haberse puesto al frente y darnos una inyecci\u00f3n de \u00e1nimo todos los d\u00edas para poder trabajar en nuestros territorios\u201d, y destac\u00f3 a \u201ctodos sus ministros, porque siempre que los hemos requerido, r\u00e1pidamente hemos obtenido respuestas. De esto se trata el trabajo en equipo\u201d.<\/p>\n<p>Bordet puso de relieve que desde la provincia se est\u00e1n acompa\u00f1ando \u201ctodas las medidas y el esfuerzo que est\u00e1 haciendo el gobierno nacional en materia de ayuda para quienes m\u00e1s est\u00e1n sufriendo las consecuencias econ\u00f3micas de esta crisis, que son evidentemente los sectores que menos ingresos tienen, y tambi\u00e9n en aquellos sectores que est\u00e1n en la econom\u00eda informal\u201d.<\/p>\n<p>\u201cEl impacto que han tenido las medidas que se han dispuesto en ese sentido han sido muy buenas\u201d, expres\u00f3.<\/p>\n<p>\u201cEn Entre R\u00edos est\u00e1 empezando la temporada de zafra de los c\u00edtricos dulces, naranjas y mandarinas. Son entre 15.000 y 20.000 trabajadores y estamos tomando todas las medidas con las empresas para que el personal se transporte de manera segura para evitar los contagios\u201d, acot\u00f3 el mandatario.<\/p>\n<p>Tambi\u00e9n valor\u00f3 la importancia de las l\u00edneas de cr\u00e9ditos para las empresas a una tasa del 24 por ciento para que puedan cumplir con el pago de los salarios. \u201cEsto es una medida realmente muy importante que necesita mucha difusi\u00f3n\u201d, dijo e hizo referencia a \u201clo que hoy alg\u00fan sector, por ah\u00ed quiz\u00e1s de manera algo intencionada, est\u00e1 queriendo exponer como falta de soluci\u00f3n para la econom\u00eda formal\u201d.<\/p>\n<p>Por \u00faltimo, Bordet agradeci\u00f3 al Presidente \u201cpor haberse puesto al frente y darnos una inyecci\u00f3n de \u00e1nimo todos los d\u00edas para poder trabajar en nuestros territorios, y tambi\u00e9n a todos sus ministros porque siempre que los hemos requerido, r\u00e1pidamente hemos obtenido respuesta. De esto se trata el trabajo en equipo\u201d.<\/p>\n","protected":false},"excerpt":{"rendered":"<p>El gobernador Gustavo Bordet particip\u00f3 de la videoconferencia con el presidente Alberto Fern\u00e1ndez y respald\u00f3 la decisi\u00f3n de extender el periodo del aislamiento social, preventivo y obligatorio. Destac\u00f3 el \u201cmuy buen resultado\u201d de la medida \u201cpara controlar la circulaci\u00f3n del virus\u201d &nbsp; &nbsp; \u201cHemos comprobado que el aislamiento social, preventivo y obligatorio ha dado muy buenos resultados para controlar la circulaci\u00f3n del virus\u201d, expres\u00f3 Bordet luego de la videoconferencia que mantuvo con el presidente Alberto Fern\u00e1ndez y los dem\u00e1s gobernadores de la Argentina donde se acord\u00f3 la extensi\u00f3n de la&#8230;<\/p>\n","protected":false},"author":3,"featured_media":59628,"comment_status":"closed","ping_status":"closed","sticky":false,"template":"","format":"standard","meta":[],"categories":[9],"tags":[],"_links":{"self":[{"href":"https:\/\/www.actualidadadiario.com\/index.php\/wp-json\/wp\/v2\/posts\/59627"}],"collection":[{"href":"https:\/\/www.actualidadadiario.com\/index.php\/wp-json\/wp\/v2\/posts"}],"about":[{"href":"https:\/\/www.actualidadadiario.com\/index.php\/wp-json\/wp\/v2\/types\/post"}],"author":[{"embeddable":true,"href":"https:\/\/www.actualidadadiario.com\/index.php\/wp-json\/wp\/v2\/users\/3"}],"replies":[{"embeddable":true,"href":"https:\/\/www.actualidadadiario.com\/index.php\/wp-json\/wp\/v2\/comments?post=59627"}],"version-history":[{"count":1,"href":"https:\/\/www.actualidadadiario.com\/index.php\/wp-json\/wp\/v2\/posts\/59627\/revisions"}],"predecessor-version":[{"id":59629,"href":"https:\/\/www.actualidadadiario.com\/index.php\/wp-json\/wp\/v2\/posts\/59627\/revisions\/59629"}],"wp:featuredmedia":[{"embeddable":true,"href":"https:\/\/www.actualidadadiario.com\/index.php\/wp-json\/wp\/v2\/media\/59628"}],"wp:attachment":[{"href":"https:\/\/www.actualidadadiario.com\/index.php\/wp-json\/wp\/v2\/media?parent=59627"}],"wp:term":[{"taxonomy":"category","embeddable":true,"href":"https:\/\/www.actualidadadiario.com\/index.php\/wp-json\/wp\/v2\/categories?post=59627"},{"taxonomy":"post_tag","embeddable":true,"href":"https:\/\/www.actualidadadiario.com\/index.php\/wp-json\/wp\/v2\/tags?post=59627"}],"curies":[{"name":"wp","href":"https:\/\/api.w.org\/{rel}","templated":true}]}}