{"id":59624,"date":"2020-03-27T17:26:31","date_gmt":"2020-03-27T20:26:31","guid":{"rendered":"https:\/\/www.actualidadadiario.com\/?p=59624"},"modified":"2020-03-27T17:26:31","modified_gmt":"2020-03-27T20:26:31","slug":"francisco-afirmo-que-nadie-se-salva-solo-de-la-pandemia-en-un-historico-rezo","status":"publish","type":"post","link":"https:\/\/www.actualidadadiario.com\/index.php\/2020\/03\/27\/francisco-afirmo-que-nadie-se-salva-solo-de-la-pandemia-en-un-historico-rezo\/","title":{"rendered":"Francisco afirm\u00f3 que &#8220;nadie se salva solo&#8221; de la pandemia, en un hist\u00f3rico rezo"},"content":{"rendered":"<p style=\"text-align: center;\"><em><strong>&#8220;Nos dimos cuenta de que est\u00e1bamos en la misma barca, todos fr\u00e1giles y desorientados&#8221;, dijo el pont\u00edfice ante una plaza San Pedro vac\u00eda<\/strong><\/em><\/p>\n<p>&nbsp;<\/p>\n<p>&nbsp;<\/p>\n<p>El papa Francisco asegur\u00f3 hoy que &#8220;nadie se salva solo&#8221; de la crisis mundial generada por el avance del coronavirus, durante un hist\u00f3rico rezo que encabez\u00f3 en soledad en la Plaza San Pedro para pedir el fin de una pandemia con la que, afirm\u00f3, &#8220;nos dimos cuenta de que est\u00e1bamos en la misma barca, todos fr\u00e1giles y desorientados&#8221;.<\/p>\n<p>&#8220;Desde hace algunas semanas parece que todo se ha oscurecido&#8221;, inici\u00f3 el pont\u00edfice su mensaje desde el atrio central de la Bas\u00edlica de San Pedro, de frente a una plaza usualmente colmada por decenas de miles de fieles y hoy vac\u00eda por las medidas de seguridad adoptadas por el Vaticano durante la pandemia.<\/p>\n<p>&#8220;Densas tinieblas han cubierto nuestras plazas, calles y ciudades; se fueron adue\u00f1ando de nuestras vidas llenando todo de un silencio que ensordece y un vac\u00edo desolador que paraliza todo a su paso: se palpita en el aire, se siente en los gestos, lo dicen las miradas&#8221;, plante\u00f3 Jorge Bergoglio durante la oraci\u00f3n, transmitida por streaming a todo el mundo.<\/p>\n<p>Durante el in\u00e9dito rezo en una Roma lluviosa, el Papa estuvo flanqueado por los dos s\u00edmbolos frente a los que hab\u00eda orado el domingo 15 de marzo en su \u00fanica salida del Vaticano desde la difusi\u00f3n de la pandemia.<\/p>\n<p>Uno es el crucifijo milagroso expuesto en la iglesia de San Marcelo en Via del Corso, que seg\u00fan la tradici\u00f3n cat\u00f3lica salv\u00f3 a la capital italiana de la peste de 1522, y al que Francisco bes\u00f3 en los pies tras su homil\u00eda.<\/p>\n<p>El otro s\u00edmbolo es la Virgen Salus Populi Romani, emplazada usualmente en la Bas\u00edlica romana de Santa Mar\u00eda la Mayor, a la que el Papa encomienda y luego agradece cada uno de sus viajes fuera de Italia.<\/p>\n<p>&#8220;Nos encontramos asustados y perdidos&#8221;, enfatiz\u00f3 el Papa, quien compar\u00f3 la situaci\u00f3n con un pasaje de los Evangelios y asever\u00f3: &#8220;nos sorprendi\u00f3 una tormenta inesperada y furiosa&#8221;.<\/p>\n<p>&#8220;Nos dimos cuenta de que est\u00e1bamos en la misma barca, todos fr\u00e1giles y desorientados; pero, al mismo tiempo, importantes y necesarios, todos llamados a remar juntos, todos necesitados de confortarnos mutuamente&#8221;, plante\u00f3 Francisco.<\/p>\n<p>&#8220;En esta barca, estamos todos&#8221;, resalt\u00f3 el Papa, quien agreg\u00f3: &#8220;no podemos seguir cada uno por nuestra cuenta, sino s\u00f3lo juntos&#8221;.<\/p>\n<p>&#8220;La tempestad desenmascara nuestra vulnerabilidad y deja al descubierto esas falsas y superfluas seguridades con las que hab\u00edamos construido nuestras agendas, nuestros proyectos, rutinas y prioridades&#8221;, sentenci\u00f3 Bergoglio, de 83 a\u00f1os.<\/p>\n<p>La pandemia, sigui\u00f3, &#8220;nos muestra c\u00f3mo hab\u00edamos dejado dormido y abandonado lo que alimenta, sostiene y da fuerza a nuestra vida y a nuestra comunidad&#8221;.<\/p>\n<p>&#8220;La tempestad pone al descubierto todos los intentos de encajonar y olvidar lo que nutri\u00f3 el alma de nuestros pueblos; todas esas tentativas de anestesiar con aparentes rutinas salvadoras, incapaces de apelar a nuestras ra\u00edces y evocar la memoria de nuestros ancianos, priv\u00e1ndonos as\u00ed de la inmunidad necesaria para hacerle frente a la adversidad&#8221;, lament\u00f3 el Papa, que adem\u00e1s concedi\u00f3 la indulgencia plenaria a los millones de fieles que siguieron la transmisi\u00f3n en todo el planeta.<\/p>\n<p>Con tono cr\u00edtico, asever\u00f3 durante su mensaje que &#8220;con la tempestad, se cay\u00f3 el maquillaje de esos estereotipos con los que disfraz\u00e1bamos nuestros egos siempre pretenciosos de querer aparentar; y dej\u00f3 al descubierto, una vez m\u00e1s, esa bendita pertenencia com\u00fan de la que no podemos ni queremos evadirnos; esa pertenencia de hermanos&#8221;.<\/p>\n<p>&#8220;Codiciosos de ganancias, nos hemos dejado absorber por lo material y trastornar por la prisa&#8221;, critic\u00f3 Francisco en la homil\u00eda, tras la que imparti\u00f3 la bendici\u00f3n Urbi et Orbi, reservada usualmente para Navidad, A\u00f1o Nuevo y Pascuas, a las casi 1 mill\u00f3n de personas que siguieron el rezo online.<\/p>\n<p>&#8220;No nos hemos despertado ante guerras e injusticias del mundo, no hemos escuchado el grito de los pobres y de nuestro planeta gravemente enfermo. Hemos continuado imperturbables, pensando en mantenernos siempre sanos en un mundo enfermo&#8221;, detall\u00f3 en esa direcci\u00f3n.<\/p>\n<p>En ese contexto, en l\u00ednea con las misas matutinas que celebra a diario en la capilla de su residencia de Casa Santa Marta, Francisco record\u00f3 que &#8220;nuestras vidas est\u00e1n tejidas y sostenidas por personas comunes, corrientemente olvidadas, que no aparecen en portadas de diarios y de revistas, ni en las grandes pasarelas del \u00faltimo show pero, sin lugar a dudas, est\u00e1n escribiendo hoy los acontecimientos decisivos de nuestra historia&#8221;.<\/p>\n<p>En ese grupo, incluy\u00f3 a &#8220;m\u00e9dicos, enfermeros y enfermeras, encargados de reponer los productos en los supermercados, limpiadoras, cuidadoras, transportistas, fuerzas de seguridad, voluntarios, sacerdotes, religiosas y tantos pero tantos otros que comprendieron que nadie se salva solo&#8221;.<\/p>\n","protected":false},"excerpt":{"rendered":"<p>&#8220;Nos dimos cuenta de que est\u00e1bamos en la misma barca, todos fr\u00e1giles y desorientados&#8221;, dijo el pont\u00edfice ante una plaza San Pedro vac\u00eda &nbsp; &nbsp; El papa Francisco asegur\u00f3 hoy que &#8220;nadie se salva solo&#8221; de la crisis mundial generada por el avance del coronavirus, durante un hist\u00f3rico rezo que encabez\u00f3 en soledad en la Plaza San Pedro para pedir el fin de una pandemia con la que, afirm\u00f3, &#8220;nos dimos cuenta de que est\u00e1bamos en la misma barca, todos fr\u00e1giles y desorientados&#8221;. &#8220;Desde hace algunas semanas parece que todo&#8230;<\/p>\n","protected":false},"author":3,"featured_media":59625,"comment_status":"closed","ping_status":"closed","sticky":false,"template":"","format":"standard","meta":[],"categories":[4],"tags":[],"_links":{"self":[{"href":"https:\/\/www.actualidadadiario.com\/index.php\/wp-json\/wp\/v2\/posts\/59624"}],"collection":[{"href":"https:\/\/www.actualidadadiario.com\/index.php\/wp-json\/wp\/v2\/posts"}],"about":[{"href":"https:\/\/www.actualidadadiario.com\/index.php\/wp-json\/wp\/v2\/types\/post"}],"author":[{"embeddable":true,"href":"https:\/\/www.actualidadadiario.com\/index.php\/wp-json\/wp\/v2\/users\/3"}],"replies":[{"embeddable":true,"href":"https:\/\/www.actualidadadiario.com\/index.php\/wp-json\/wp\/v2\/comments?post=59624"}],"version-history":[{"count":1,"href":"https:\/\/www.actualidadadiario.com\/index.php\/wp-json\/wp\/v2\/posts\/59624\/revisions"}],"predecessor-version":[{"id":59626,"href":"https:\/\/www.actualidadadiario.com\/index.php\/wp-json\/wp\/v2\/posts\/59624\/revisions\/59626"}],"wp:featuredmedia":[{"embeddable":true,"href":"https:\/\/www.actualidadadiario.com\/index.php\/wp-json\/wp\/v2\/media\/59625"}],"wp:attachment":[{"href":"https:\/\/www.actualidadadiario.com\/index.php\/wp-json\/wp\/v2\/media?parent=59624"}],"wp:term":[{"taxonomy":"category","embeddable":true,"href":"https:\/\/www.actualidadadiario.com\/index.php\/wp-json\/wp\/v2\/categories?post=59624"},{"taxonomy":"post_tag","embeddable":true,"href":"https:\/\/www.actualidadadiario.com\/index.php\/wp-json\/wp\/v2\/tags?post=59624"}],"curies":[{"name":"wp","href":"https:\/\/api.w.org\/{rel}","templated":true}]}}