{"id":59621,"date":"2020-03-27T17:25:46","date_gmt":"2020-03-27T20:25:46","guid":{"rendered":"https:\/\/www.actualidadadiario.com\/?p=59621"},"modified":"2020-03-27T17:25:46","modified_gmt":"2020-03-27T20:25:46","slug":"jair-bolsonaro-llamo-a-boicotear-la-cuarentena-en-brasil","status":"publish","type":"post","link":"https:\/\/www.actualidadadiario.com\/index.php\/2020\/03\/27\/jair-bolsonaro-llamo-a-boicotear-la-cuarentena-en-brasil\/","title":{"rendered":"Jair Bolsonaro llam\u00f3 a boicotear la cuarentena en Brasil"},"content":{"rendered":"<p style=\"text-align: center;\"><em><strong>El presidente de Brasil, Jair Bolsonaro, lanz\u00f3 una campa\u00f1a publicitaria para pedirles a los brasile\u00f1os abandonar la cuarentena y otras restricciones tomadas para frenar la pandemia del coronavirus y abrir empresas y comercios. El mensaje del mandatario ratifica el enfrentamiento abierto contra los gobernadores e intendentes que ante la falta de respuesta nacional comenzaron a tomar medidas<\/strong><\/em><\/p>\n<p>&nbsp;<\/p>\n<p>&nbsp;<\/p>\n<p>La campa\u00f1a se llama &#8220;Brasil no puede parar&#8221; y fue lanzada inicialmente en las redes sociales del senador Flavio Bolsonaro, hijo del presidente e investigado por lavado de dinero y desv\u00edo de fondos p\u00fablicos de la Asamblea Legislativa de R\u00edo de Janeiro.<\/p>\n<p>Un video que muestra a brasile\u00f1os de todas las profesiones y clases sociales fue utilizado para sostener el discurso de Bolsonaro de eliminar las cuarentenas, mientras que el propio Ministerio de Salud advirti\u00f3 que se espera un abril &#8220;tormentoso&#8221;, en alusi\u00f3n a que el mes que viene ser\u00e1 el mayor pico de casos de coronavirus.<\/p>\n<p>Entidades de camioneros y empresarios que apoyan al presidente realizaron el jueves por la noche protestas con sus veh\u00edculos pidiendo abrir comercios: una de las m\u00e1s divulgadas fue una manifestaci\u00f3n en la avenida costanera de Cambori\u00fa, en Santa Catarina, estado donde Bolsonaro gan\u00f3 las elecciones presidenciales con el 65% de los votos en 2018.<\/p>\n<p>Para este fin de semana fueron convocadas protestas en casi todas las capitales por parte de grupos bolsonaristas que defienden la posici\u00f3n del mandatario de aislar apenas a las personas de grupos de riesgo.<\/p>\n<p>El presidente viene realizando convocatorias a la poblaci\u00f3n para no entrar en &#8220;p\u00e1nico&#8221; calificando de &#8220;gripecita&#8221; al coronavirus, que hasta ayer, a un mes del primer caso, hab\u00eda matado a 77 personas, seg\u00fan los registros oficiales.<\/p>\n<p>El mandatario rompi\u00f3 con gobernadores aliados mientas usa la maquinaria p\u00fablica del gobierno central para convencer a algunas ciudades, como la capital de R\u00edo de Janeiro o estados fr\u00e1giles como los amaz\u00f3nicos Rondonia y Roraima, de reanudar actividades, en contra de las recomendaciones de las secretar\u00edas estaduales de Salud.<\/p>\n<p>Con esta campa\u00f1a, el presidente se enfrent\u00f3 a los gobernadores que declararon cuarentena, sobre todo a lo de los estados que concentran la mayor cantidad de enfermos, R\u00edo de Janeiro y San Pablo.<\/p>\n<p>Bolsonaro fue derrotado anoche en el Congreso: su propuesta de dar 200 reales (41 d\u00f3lares) a los trabajadores informales fue modificada por la C\u00e1mara de Diputados, que dio media sanci\u00f3n a una ayuda de 600 reales (120 d\u00f3lares) que se extender\u00e1 a 1.200 reales (240 d\u00f3lares) para madres jefas de hogar.<\/p>\n<p>El gobierno a\u00fan no oficializ\u00f3 su paquete de ayuda luego del esc\u00e1ndalo generado el lunes, cuando Bolsonaro public\u00f3 por decreto y -luego retir\u00f3- que los empresarios pod\u00edan dejar de pagar sueldos por cuatro meses al trabajador, que tampoco no recibir\u00eda compensaciones del Estado.<\/p>\n<p>Bolsonaro, cuyo gobierno tiene m\u00e1s de 15 infectados por coronavirus, se neg\u00f3 a mostrar los an\u00e1lisis para Covid-19 con este argumento: &#8220;Mi palabra vale m\u00e1s que un papel&#8221;.<\/p>\n","protected":false},"excerpt":{"rendered":"<p>El presidente de Brasil, Jair Bolsonaro, lanz\u00f3 una campa\u00f1a publicitaria para pedirles a los brasile\u00f1os abandonar la cuarentena y otras restricciones tomadas para frenar la pandemia del coronavirus y abrir empresas y comercios. El mensaje del mandatario ratifica el enfrentamiento abierto contra los gobernadores e intendentes que ante la falta de respuesta nacional comenzaron a tomar medidas &nbsp; &nbsp; La campa\u00f1a se llama &#8220;Brasil no puede parar&#8221; y fue lanzada inicialmente en las redes sociales del senador Flavio Bolsonaro, hijo del presidente e investigado por lavado de dinero y desv\u00edo&#8230;<\/p>\n","protected":false},"author":3,"featured_media":59622,"comment_status":"closed","ping_status":"closed","sticky":false,"template":"","format":"standard","meta":[],"categories":[4],"tags":[],"_links":{"self":[{"href":"https:\/\/www.actualidadadiario.com\/index.php\/wp-json\/wp\/v2\/posts\/59621"}],"collection":[{"href":"https:\/\/www.actualidadadiario.com\/index.php\/wp-json\/wp\/v2\/posts"}],"about":[{"href":"https:\/\/www.actualidadadiario.com\/index.php\/wp-json\/wp\/v2\/types\/post"}],"author":[{"embeddable":true,"href":"https:\/\/www.actualidadadiario.com\/index.php\/wp-json\/wp\/v2\/users\/3"}],"replies":[{"embeddable":true,"href":"https:\/\/www.actualidadadiario.com\/index.php\/wp-json\/wp\/v2\/comments?post=59621"}],"version-history":[{"count":1,"href":"https:\/\/www.actualidadadiario.com\/index.php\/wp-json\/wp\/v2\/posts\/59621\/revisions"}],"predecessor-version":[{"id":59623,"href":"https:\/\/www.actualidadadiario.com\/index.php\/wp-json\/wp\/v2\/posts\/59621\/revisions\/59623"}],"wp:featuredmedia":[{"embeddable":true,"href":"https:\/\/www.actualidadadiario.com\/index.php\/wp-json\/wp\/v2\/media\/59622"}],"wp:attachment":[{"href":"https:\/\/www.actualidadadiario.com\/index.php\/wp-json\/wp\/v2\/media?parent=59621"}],"wp:term":[{"taxonomy":"category","embeddable":true,"href":"https:\/\/www.actualidadadiario.com\/index.php\/wp-json\/wp\/v2\/categories?post=59621"},{"taxonomy":"post_tag","embeddable":true,"href":"https:\/\/www.actualidadadiario.com\/index.php\/wp-json\/wp\/v2\/tags?post=59621"}],"curies":[{"name":"wp","href":"https:\/\/api.w.org\/{rel}","templated":true}]}}