{"id":59615,"date":"2020-03-27T17:24:09","date_gmt":"2020-03-27T20:24:09","guid":{"rendered":"https:\/\/www.actualidadadiario.com\/?p=59615"},"modified":"2020-03-27T17:24:09","modified_gmt":"2020-03-27T20:24:09","slug":"irlanda-estatiza-los-hospitales-privados-para-enfrentar-el-coronavirus","status":"publish","type":"post","link":"https:\/\/www.actualidadadiario.com\/index.php\/2020\/03\/27\/irlanda-estatiza-los-hospitales-privados-para-enfrentar-el-coronavirus\/","title":{"rendered":"Irlanda estatiza los hospitales privados para enfrentar el coronavirus"},"content":{"rendered":"<p style=\"text-align: center;\"><em><strong>Las personas infectadas con Covid-19 ser\u00e1n atendidas de manera gratuita, inform\u00f3 el ministro de Salud irland\u00e9s Simon Harris. Hasta el momento all\u00ed se registraron nueve muertos y 1.564 casos positivos<\/strong><\/em><\/p>\n<p>&nbsp;<\/p>\n<p>&nbsp;<\/p>\n<p>Irlanda anunci\u00f3 que estatizar\u00e1 de manera temporal los hospitales privados para atender a los enfermos por coronavirus. De esta manera las personas infectadas con Covid-19 ser\u00e1n atendidas de manera gratuita, inform\u00f3 el ministro de Salud Simon Harris. Por su parte, el primer ministro de Irlanda Leo Varadkar tambi\u00e9n anunci\u00f3 la inversi\u00f3n de cuatro mil millones de d\u00f3lares para garantizar los ingresos de los ciudadanos afectados por la pandemia. Hasta el momento el pa\u00eds inform\u00f3 nueve muertos y 1.564 casos\u00a0 positivos.<\/p>\n<p>Con la estatizaci\u00f3n temporal de los hospitales privados anunciada por el ministro de Salud Irlanda se puso a la vanguardia en la contenci\u00f3n de la pandemia que azota al mundo. \u201cEste es un virus que no conoce de fronteras y l\u00edmites. No hay opciones sencillas, si las hubiese las habr\u00edamos tomado, pero s\u00ed podemos mostrarle al mundo lo que puede lograrse con acciones de salud p\u00fablica sostenidas\u201d, dijo Harris. El funcionario tambi\u00e9n sostuvo que no puede oponerse p\u00fablico versus privado cuando se habla de una pandemia. La medida implica la incorporaci\u00f3n de unas 2.000 camas, nueve laboratorios y miles de empleados que pasar\u00e1n a formar parte del sistema de salud estatal. La medida tendr\u00e1 vigencia hasta que el pa\u00eds logre contener los contagios de coronavirus.<\/p>\n<p>En paralelo, el primer ministro irland\u00e9s destaco que su pa\u00eds se enfrenta a una emergencia sin precedentes. \u201cLos hospitales privados est\u00e1n de acuerdo con hacer esto sin obtener beneficio alguno. Y los pacientes, p\u00fablicos o privados, ser\u00e1n tratados de la misma manera\u201d, enfatiz\u00f3 Varadkar. El premier reuni\u00f3 al Equipo Nacional de Emergencia de Salud P\u00fablica para tomar estas medidas. Adem\u00e1s estim\u00f3 que los casos confirmados de Covid-19 llegar\u00edan a 15 mil para fines de marzo y que la crisis podr\u00eda durar hasta fines del verano en el hemisferio norte.<\/p>\n<p>Adem\u00e1s el estado irland\u00e9s asumir\u00e1 durante los pr\u00f3ximos tres meses el 70 por ciento de los salarios de los trabajadores cuyas fuentes de empleo est\u00e9n en riesgo. El l\u00edmite de pago ser\u00e1 de 410 euros mensuales. \u201cLas medidas que se est\u00e1n introduciendo tienen como objetivo proporcionar apoyo a los ingresos para aquellos que lo necesitan, al tiempo que brindan confianza a los empleadores para mantener el v\u00ednculo con los empleados para que cuando esta crisis pase, y pasar\u00e1, nuestra gente pueda volver a trabajar r\u00e1pido y sin problemas\u201d, sostuvo Varadkar.<\/p>\n<p>El gobierno irland\u00e9s determin\u00f3 el martes pasado el cierre de todos los locales comerciales que no presten servicios esenciales. Adem\u00e1s pidi\u00f3 a las personas limitar la circulaci\u00f3n por las calles aunque sin establecer confinamientos obligatorios. Aquellos que puedan deben trabajar desde sus casas a menos que la asistencia sea esencial. El 45 por ciento de los casos positivos de coronavirus en el pa\u00eds se produjo por contagio comunitario, seg\u00fan inform\u00f3 el jefe del departamento m\u00e9dico Tony Holohan. \u201cNo hemos sido capaces de identificar la fuente original, y uno de cada cuatro casos es personal sanitario\u201d, explic\u00f3 el funcionario.<\/p>\n<p>Varadkar sostuvo que el confinamiento era la mejor medida para aplanar la curva ascendente de contagio. Las reuniones sociales est\u00e1n limitadas a un m\u00e1ximo de cuatro personas, siempre y cuando no pertenezcan a la misma familia. El gobierno tambi\u00e9n anunci\u00f3 que incrementar\u00e1 la cantidad de efectivos pol\u00edticas en las calles para resguardar el cumplimiento de estas normas. El plazo estipulado de vigencia de las mismas es hasta el 19 de abril, aunque el mandatario reconoci\u00f3 que podr\u00eda prorrogarlas.<\/p>\n","protected":false},"excerpt":{"rendered":"<p>Las personas infectadas con Covid-19 ser\u00e1n atendidas de manera gratuita, inform\u00f3 el ministro de Salud irland\u00e9s Simon Harris. Hasta el momento all\u00ed se registraron nueve muertos y 1.564 casos positivos &nbsp; &nbsp; Irlanda anunci\u00f3 que estatizar\u00e1 de manera temporal los hospitales privados para atender a los enfermos por coronavirus. De esta manera las personas infectadas con Covid-19 ser\u00e1n atendidas de manera gratuita, inform\u00f3 el ministro de Salud Simon Harris. Por su parte, el primer ministro de Irlanda Leo Varadkar tambi\u00e9n anunci\u00f3 la inversi\u00f3n de cuatro mil millones de d\u00f3lares para&#8230;<\/p>\n","protected":false},"author":3,"featured_media":59616,"comment_status":"closed","ping_status":"closed","sticky":false,"template":"","format":"standard","meta":[],"categories":[4],"tags":[],"_links":{"self":[{"href":"https:\/\/www.actualidadadiario.com\/index.php\/wp-json\/wp\/v2\/posts\/59615"}],"collection":[{"href":"https:\/\/www.actualidadadiario.com\/index.php\/wp-json\/wp\/v2\/posts"}],"about":[{"href":"https:\/\/www.actualidadadiario.com\/index.php\/wp-json\/wp\/v2\/types\/post"}],"author":[{"embeddable":true,"href":"https:\/\/www.actualidadadiario.com\/index.php\/wp-json\/wp\/v2\/users\/3"}],"replies":[{"embeddable":true,"href":"https:\/\/www.actualidadadiario.com\/index.php\/wp-json\/wp\/v2\/comments?post=59615"}],"version-history":[{"count":1,"href":"https:\/\/www.actualidadadiario.com\/index.php\/wp-json\/wp\/v2\/posts\/59615\/revisions"}],"predecessor-version":[{"id":59617,"href":"https:\/\/www.actualidadadiario.com\/index.php\/wp-json\/wp\/v2\/posts\/59615\/revisions\/59617"}],"wp:featuredmedia":[{"embeddable":true,"href":"https:\/\/www.actualidadadiario.com\/index.php\/wp-json\/wp\/v2\/media\/59616"}],"wp:attachment":[{"href":"https:\/\/www.actualidadadiario.com\/index.php\/wp-json\/wp\/v2\/media?parent=59615"}],"wp:term":[{"taxonomy":"category","embeddable":true,"href":"https:\/\/www.actualidadadiario.com\/index.php\/wp-json\/wp\/v2\/categories?post=59615"},{"taxonomy":"post_tag","embeddable":true,"href":"https:\/\/www.actualidadadiario.com\/index.php\/wp-json\/wp\/v2\/tags?post=59615"}],"curies":[{"name":"wp","href":"https:\/\/api.w.org\/{rel}","templated":true}]}}