{"id":59606,"date":"2020-03-27T17:21:40","date_gmt":"2020-03-27T20:21:40","guid":{"rendered":"https:\/\/www.actualidadadiario.com\/?p=59606"},"modified":"2020-03-27T17:21:40","modified_gmt":"2020-03-27T20:21:40","slug":"se-reunio-el-comite-de-emergencia-social-para-acordar-refuerzos-en-politicas-alimentarias","status":"publish","type":"post","link":"https:\/\/www.actualidadadiario.com\/index.php\/2020\/03\/27\/se-reunio-el-comite-de-emergencia-social-para-acordar-refuerzos-en-politicas-alimentarias\/","title":{"rendered":"Se reuni\u00f3 el comit\u00e9 de emergencia social para acordar refuerzos en pol\u00edticas alimentarias"},"content":{"rendered":"<p style=\"text-align: center;\"><em><strong>El encuentro, que se extendi\u00f3 durante dos horas, fue encabezado por el ministro de Desarrollo Social de la Naci\u00f3n, Daniel Arroyo, en la sede de su cartera<\/strong><\/em><\/p>\n<p>&nbsp;<\/p>\n<p>&nbsp;<\/p>\n<p>El gobierno nacional y el de la provincia de Buenos Aires, intendentes bonaerenses, organizaciones sociales y representantes de cultos se reunieron, en el marco del comit\u00e9 de emergencia social, con el fin de &#8220;reforzar la pol\u00edtica alimentaria y el sostenimiento de los ingresos de las familias&#8221;, informaron fuentes oficiales.<\/p>\n<p>El encuentro, que se extendi\u00f3 durante dos horas, fue encabezado por el ministro de Desarrollo Social de la Naci\u00f3n, Daniel Arroyo, en la sede de su cartera; y participaron su par de la provincia de Buenos Aires, Fernanda Raverta, intendentes bonaerenses, organizaciones sociales y representantes de cultos para &#8220;hacer un seguimiento de la situaci\u00f3n en los municipios del conurbano&#8221;, en el marco de las medidas dispuestas ante la emergencia por coronavirus.<\/p>\n<p>Seg\u00fan se inform\u00f3, en la reuni\u00f3n, se acord\u00f3 &#8220;establecer comit\u00e9s locales en las comunas para definir prioridades y articular acciones entre los distintos niveles de gobierno y las organizaciones, con el fin de reforzar la pol\u00edtica alimentaria y el sostenimiento de los ingresos de las familias&#8221;.<\/p>\n<p>&#8220;Estamos ante una situaci\u00f3n muy particular y, m\u00e1s que nunca, se requiere unidad y coordinaci\u00f3n para que la ayuda en los centros urbanos llegue a todos. Junto con la inversi\u00f3n social que representa la tarjeta Alimentar y la asistencia a comedores y merenderos, decidimos crear un fondo extra de 300 millones de pesos a los municipios para la compra de alimentos y de art\u00edculos de higiene\u201d, explic\u00f3 Arroyo.<\/p>\n<p>Estuvieron presentes los jefes comunales Mariano Cascallares (Almirante Brown), Fernando Gray (Esteban Echeverr\u00eda), Gustavo Men\u00e9ndez (Merlo) y Juan Zabaleta (Hurlingham); el asesor presidencial Alejandro Grimson; el presidente de C\u00e1ritas Argentina, monse\u00f1or Carlos Tissera; el diputado nacional Juan Carlos Alderete, representantes de organizaciones sociales y eclesiales.<\/p>\n","protected":false},"excerpt":{"rendered":"<p>El encuentro, que se extendi\u00f3 durante dos horas, fue encabezado por el ministro de Desarrollo Social de la Naci\u00f3n, Daniel Arroyo, en la sede de su cartera &nbsp; &nbsp; El gobierno nacional y el de la provincia de Buenos Aires, intendentes bonaerenses, organizaciones sociales y representantes de cultos se reunieron, en el marco del comit\u00e9 de emergencia social, con el fin de &#8220;reforzar la pol\u00edtica alimentaria y el sostenimiento de los ingresos de las familias&#8221;, informaron fuentes oficiales. El encuentro, que se extendi\u00f3 durante dos horas, fue encabezado por el&#8230;<\/p>\n","protected":false},"author":3,"featured_media":59607,"comment_status":"closed","ping_status":"closed","sticky":false,"template":"","format":"standard","meta":[],"categories":[18],"tags":[],"_links":{"self":[{"href":"https:\/\/www.actualidadadiario.com\/index.php\/wp-json\/wp\/v2\/posts\/59606"}],"collection":[{"href":"https:\/\/www.actualidadadiario.com\/index.php\/wp-json\/wp\/v2\/posts"}],"about":[{"href":"https:\/\/www.actualidadadiario.com\/index.php\/wp-json\/wp\/v2\/types\/post"}],"author":[{"embeddable":true,"href":"https:\/\/www.actualidadadiario.com\/index.php\/wp-json\/wp\/v2\/users\/3"}],"replies":[{"embeddable":true,"href":"https:\/\/www.actualidadadiario.com\/index.php\/wp-json\/wp\/v2\/comments?post=59606"}],"version-history":[{"count":1,"href":"https:\/\/www.actualidadadiario.com\/index.php\/wp-json\/wp\/v2\/posts\/59606\/revisions"}],"predecessor-version":[{"id":59608,"href":"https:\/\/www.actualidadadiario.com\/index.php\/wp-json\/wp\/v2\/posts\/59606\/revisions\/59608"}],"wp:featuredmedia":[{"embeddable":true,"href":"https:\/\/www.actualidadadiario.com\/index.php\/wp-json\/wp\/v2\/media\/59607"}],"wp:attachment":[{"href":"https:\/\/www.actualidadadiario.com\/index.php\/wp-json\/wp\/v2\/media?parent=59606"}],"wp:term":[{"taxonomy":"category","embeddable":true,"href":"https:\/\/www.actualidadadiario.com\/index.php\/wp-json\/wp\/v2\/categories?post=59606"},{"taxonomy":"post_tag","embeddable":true,"href":"https:\/\/www.actualidadadiario.com\/index.php\/wp-json\/wp\/v2\/tags?post=59606"}],"curies":[{"name":"wp","href":"https:\/\/api.w.org\/{rel}","templated":true}]}}