{"id":59603,"date":"2020-03-27T17:20:46","date_gmt":"2020-03-27T20:20:46","guid":{"rendered":"https:\/\/www.actualidadadiario.com\/?p=59603"},"modified":"2020-03-27T17:20:46","modified_gmt":"2020-03-27T20:20:46","slug":"sergio-massa-desde-este-lunes-los-subsidios-de-todos-los-diputados-iran-al-sistema-de-salud","status":"publish","type":"post","link":"https:\/\/www.actualidadadiario.com\/index.php\/2020\/03\/27\/sergio-massa-desde-este-lunes-los-subsidios-de-todos-los-diputados-iran-al-sistema-de-salud\/","title":{"rendered":"Sergio Massa: \u201cDesde este lunes los subsidios de todos los diputados ir\u00e1n al sistema de salud\u201d"},"content":{"rendered":"<p style=\"text-align: center;\"><em><strong>Lo asegur\u00f3 el presidente de la C\u00e1mara baja del Congreso, en el marco de la pandemia mundial de coronavirus<\/strong><\/em><\/p>\n<p>&nbsp;<\/p>\n<p>&nbsp;<\/p>\n<p>El presidente de la C\u00e1mara baja del Congreso, Sergio Massa, asegur\u00f3 que \u201cdesde este lunes los subsidios de todos los diputados ir\u00e1n al sistema de salud\u201d, en el marco de la pandemia mundial de coronavirus. A trav\u00e9s de una entrevista brindada a CNN Radio, el exintendente de Tigre explic\u00f3 que se destinar\u00e1n esos subsidios en medio de la crisis sanitaria.<\/p>\n<p>\u201cEn el caso de los subsidios son 21,7 millones de pesos y en el caso de los pasajes 7 millones de pesos que dejar\u00e1 de gastar la C\u00e1mara y que ir\u00e1n al sistema de Salud\u201d, explic\u00f3 el tambi\u00e9n diputado nacional por la provincia de Buenos Aires. Por otra parte, coment\u00f3 que el pr\u00f3ximo lunes tendr\u00e1 lugar una reuni\u00f3n con los l\u00edderes de los bloques opositores.<\/p>\n<p>La misma se llevar\u00e1 a cabo por medio de una teleconferencia y el objetivo ser\u00e1 el de coordinar medidas para paliar la complicada situaci\u00f3n que atraviesa el pa\u00eds. En ese marco, Sergio Massa aprovech\u00f3 la ocasi\u00f3n para resaltar la colaboraci\u00f3n de los diferentes dirigentes pol\u00edticos teniendo en cuenta la coyuntura de la cuarentena obligatoria.<\/p>\n<p>\u201cSi hay algo que quiero destacar es el comportamiento de los l\u00edderes de la oposici\u00f3n, al igual que el del jefe de gobierno porte\u00f1o y de los gobernadores. Siempre hay alguno que quiere salvarse individualmente, pero en t\u00e9rminos generales la actitud de la oposici\u00f3n fue de una generosidad que vale la pena destacar\u201d, expres\u00f3.<\/p>\n<p>Para finalizar, Sergio Massa se refiri\u00f3 a la posibilidad de que se ampl\u00ede el aislamiento social decretado la semana pasada por Alberto Fern\u00e1ndez. \u201cEl Presidente la decisi\u00f3n de extender o no la cuarentena no la toma desde una posici\u00f3n personal. Lo hace en base a la opini\u00f3n de cient\u00edficos y expertos sanitarios. Hay que cuidar la salud de los argentinos\u201d, cerr\u00f3.<\/p>\n","protected":false},"excerpt":{"rendered":"<p>Lo asegur\u00f3 el presidente de la C\u00e1mara baja del Congreso, en el marco de la pandemia mundial de coronavirus &nbsp; &nbsp; El presidente de la C\u00e1mara baja del Congreso, Sergio Massa, asegur\u00f3 que \u201cdesde este lunes los subsidios de todos los diputados ir\u00e1n al sistema de salud\u201d, en el marco de la pandemia mundial de coronavirus. A trav\u00e9s de una entrevista brindada a CNN Radio, el exintendente de Tigre explic\u00f3 que se destinar\u00e1n esos subsidios en medio de la crisis sanitaria. \u201cEn el caso de los subsidios son 21,7 millones&#8230;<\/p>\n","protected":false},"author":3,"featured_media":59604,"comment_status":"closed","ping_status":"closed","sticky":false,"template":"","format":"standard","meta":[],"categories":[18],"tags":[],"_links":{"self":[{"href":"https:\/\/www.actualidadadiario.com\/index.php\/wp-json\/wp\/v2\/posts\/59603"}],"collection":[{"href":"https:\/\/www.actualidadadiario.com\/index.php\/wp-json\/wp\/v2\/posts"}],"about":[{"href":"https:\/\/www.actualidadadiario.com\/index.php\/wp-json\/wp\/v2\/types\/post"}],"author":[{"embeddable":true,"href":"https:\/\/www.actualidadadiario.com\/index.php\/wp-json\/wp\/v2\/users\/3"}],"replies":[{"embeddable":true,"href":"https:\/\/www.actualidadadiario.com\/index.php\/wp-json\/wp\/v2\/comments?post=59603"}],"version-history":[{"count":1,"href":"https:\/\/www.actualidadadiario.com\/index.php\/wp-json\/wp\/v2\/posts\/59603\/revisions"}],"predecessor-version":[{"id":59605,"href":"https:\/\/www.actualidadadiario.com\/index.php\/wp-json\/wp\/v2\/posts\/59603\/revisions\/59605"}],"wp:featuredmedia":[{"embeddable":true,"href":"https:\/\/www.actualidadadiario.com\/index.php\/wp-json\/wp\/v2\/media\/59604"}],"wp:attachment":[{"href":"https:\/\/www.actualidadadiario.com\/index.php\/wp-json\/wp\/v2\/media?parent=59603"}],"wp:term":[{"taxonomy":"category","embeddable":true,"href":"https:\/\/www.actualidadadiario.com\/index.php\/wp-json\/wp\/v2\/categories?post=59603"},{"taxonomy":"post_tag","embeddable":true,"href":"https:\/\/www.actualidadadiario.com\/index.php\/wp-json\/wp\/v2\/tags?post=59603"}],"curies":[{"name":"wp","href":"https:\/\/api.w.org\/{rel}","templated":true}]}}