{"id":59597,"date":"2020-03-27T17:19:06","date_gmt":"2020-03-27T20:19:06","guid":{"rendered":"https:\/\/www.actualidadadiario.com\/?p=59597"},"modified":"2020-03-27T17:19:06","modified_gmt":"2020-03-27T20:19:06","slug":"salud-incorporo-190-respiradores-y-amplia-la-cantidad-de-reactivos-para-la-deteccion-de-coronavirus","status":"publish","type":"post","link":"https:\/\/www.actualidadadiario.com\/index.php\/2020\/03\/27\/salud-incorporo-190-respiradores-y-amplia-la-cantidad-de-reactivos-para-la-deteccion-de-coronavirus\/","title":{"rendered":"Salud incorpor\u00f3 190 respiradores y ampl\u00eda la cantidad de reactivos para la detecci\u00f3n de coronavirus"},"content":{"rendered":"<p style=\"text-align: center;\"><em><strong>Mientas se espera el pico de transmisi\u00f3n para mediados de mayo, el Ministerio de Salud incorpora instrumentaci\u00f3n clave para combatir al Covid-19<\/strong><\/em><\/p>\n<p>&nbsp;<\/p>\n<p>&nbsp;<\/p>\n<p>El sistema sanitario sum\u00f3 190 respiradores y puso en marcha el Plan Remediar para la entrega de medicamentos para la campa\u00f1a de enfermedades estacionales. Adem\u00e1s ampliar\u00e1 la cantidad de reactivos PCR para la detecci\u00f3n de coronavirus.<\/p>\n<p>La secretaria de Acceso a la Salud, Carla Vizzotti, dio a conocer este viernes en el reporte matutino del estadio de la pandemia, la incorporaci\u00f3n de 190 respiradores nuevos, de los cu\u00e1les 72 fueron adquiridos por las provincias, mientas que 118 distribuidos por Naci\u00f3n.<\/p>\n<p>Adem\u00e1s, Vizzotti inform\u00f3 contin\u00faa la adquisici\u00f3n de reactivos para la detecci\u00f3n del Covid-19, en tanto que la descentralizaci\u00f3n de los testeos a hospitales nacionales como el Posadas, El Cruce, Garrahan y 9 jurisdicciones m\u00e1s avanza &#8220;sin problemas&#8221;.<\/p>\n<p>&#8220;El eje de acci\u00f3n es preparar el sistema para un eventual aumento de los casos&#8221;,\u00a0 asegur\u00f3 la funcionaria y destac\u00f3 que desde el jueves ya se ha instado a los hospitales p\u00fablicos y sanatorios privados\u00a0 la reprogramaci\u00f3n de cirug\u00edas, liberar camas cr\u00edticas y reorganizar los circuitos.<\/p>\n<p>De manera paralela, comenzar\u00e1 la entrega de medicamentos para la campa\u00f1a de invierno a trav\u00e9s del Plan Remediar, porque se entregar\u00e1 a todas las jurisdicciones &#8220;stock para tres meses de medicaci\u00f3n a pacientes con dolencias cr\u00f3nicas&#8221;.<\/p>\n<p>En relaci\u00f3n al coronavirus, embarazo y ni\u00f1ez, Vizzotti enfatiz\u00f3 en la importancia de que se mantenga la lactancia con recaudos como uso de barbijo y limpieza de manos.<\/p>\n<p>&#8220;No se ha demostrado transmisi\u00f3n transplacentaria, no se ha demostrado ning\u00fan problema mayor de salud para las embarazadas, no se ha demostrado que se transmita a trav\u00e9s de la lactancia. Esto es diferente con otros virus respiratorios: en el 2009 supimos que la influenza pod\u00eda ser mucho m\u00e1s grave y este virus no tiene ese comportamiento. Lo mismo sucede con los chicos&#8221;, explic\u00f3 la titular de acceso a la salud.<\/p>\n<p>Argentina registr\u00f3 589 casos positivos de coronavirus, de los cuales 13 fallecieron, de acuerdo al \u00faltimo reporte de Naci\u00f3n.<\/p>\n<p>El 41% son mujeres y el 59% hombres, en tanto que la mayor\u00eda de los son importados, aunque ya se detect\u00f3 transmisi\u00f3n local en conglomerados en las provincias de Santa Fe, C\u00f3rdoba y Tierra del Fuego, y se identific\u00f3 el inicio de transmisi\u00f3n comunitaria en la regi\u00f3n del AMBA y Chaco.<\/p>\n","protected":false},"excerpt":{"rendered":"<p>Mientas se espera el pico de transmisi\u00f3n para mediados de mayo, el Ministerio de Salud incorpora instrumentaci\u00f3n clave para combatir al Covid-19 &nbsp; &nbsp; El sistema sanitario sum\u00f3 190 respiradores y puso en marcha el Plan Remediar para la entrega de medicamentos para la campa\u00f1a de enfermedades estacionales. Adem\u00e1s ampliar\u00e1 la cantidad de reactivos PCR para la detecci\u00f3n de coronavirus. La secretaria de Acceso a la Salud, Carla Vizzotti, dio a conocer este viernes en el reporte matutino del estadio de la pandemia, la incorporaci\u00f3n de 190 respiradores nuevos, de&#8230;<\/p>\n","protected":false},"author":3,"featured_media":59598,"comment_status":"closed","ping_status":"closed","sticky":false,"template":"","format":"standard","meta":[],"categories":[18],"tags":[],"_links":{"self":[{"href":"https:\/\/www.actualidadadiario.com\/index.php\/wp-json\/wp\/v2\/posts\/59597"}],"collection":[{"href":"https:\/\/www.actualidadadiario.com\/index.php\/wp-json\/wp\/v2\/posts"}],"about":[{"href":"https:\/\/www.actualidadadiario.com\/index.php\/wp-json\/wp\/v2\/types\/post"}],"author":[{"embeddable":true,"href":"https:\/\/www.actualidadadiario.com\/index.php\/wp-json\/wp\/v2\/users\/3"}],"replies":[{"embeddable":true,"href":"https:\/\/www.actualidadadiario.com\/index.php\/wp-json\/wp\/v2\/comments?post=59597"}],"version-history":[{"count":1,"href":"https:\/\/www.actualidadadiario.com\/index.php\/wp-json\/wp\/v2\/posts\/59597\/revisions"}],"predecessor-version":[{"id":59599,"href":"https:\/\/www.actualidadadiario.com\/index.php\/wp-json\/wp\/v2\/posts\/59597\/revisions\/59599"}],"wp:featuredmedia":[{"embeddable":true,"href":"https:\/\/www.actualidadadiario.com\/index.php\/wp-json\/wp\/v2\/media\/59598"}],"wp:attachment":[{"href":"https:\/\/www.actualidadadiario.com\/index.php\/wp-json\/wp\/v2\/media?parent=59597"}],"wp:term":[{"taxonomy":"category","embeddable":true,"href":"https:\/\/www.actualidadadiario.com\/index.php\/wp-json\/wp\/v2\/categories?post=59597"},{"taxonomy":"post_tag","embeddable":true,"href":"https:\/\/www.actualidadadiario.com\/index.php\/wp-json\/wp\/v2\/tags?post=59597"}],"curies":[{"name":"wp","href":"https:\/\/api.w.org\/{rel}","templated":true}]}}