{"id":59591,"date":"2020-03-27T17:17:39","date_gmt":"2020-03-27T20:17:39","guid":{"rendered":"https:\/\/www.actualidadadiario.com\/?p=59591"},"modified":"2020-03-27T17:17:39","modified_gmt":"2020-03-27T20:17:39","slug":"el-congelamiento-de-alquileres-saldra-por-decreto-y-cambiemos-pide-que-sea-por-dos-meses","status":"publish","type":"post","link":"https:\/\/www.actualidadadiario.com\/index.php\/2020\/03\/27\/el-congelamiento-de-alquileres-saldra-por-decreto-y-cambiemos-pide-que-sea-por-dos-meses\/","title":{"rendered":"El congelamiento de alquileres saldr\u00e1 por decreto y Cambiemos pide que sea por dos meses"},"content":{"rendered":"<p style=\"text-align: center;\"><em><strong>El presidente se resign\u00f3 a que no se reunir\u00e1 el Senado y no es posible sesionar. En la oposici\u00f3n advierten que si los precios se frenan seis meses, habr\u00e1 judicializaci\u00f3n<\/strong><\/em><\/p>\n<p>&nbsp;<\/p>\n<p>&nbsp;<\/p>\n<p>Alberto Fern\u00e1ndez defini\u00f3 que el congelamiento de los alquileres y la suspensi\u00f3n se aplique por decreto de necesidad y urgencia, luego de aceptar que los senadores no iban a reunirse por temor a contagios de Coronavirus.<\/p>\n<p>&#8220;Est\u00e1 saliendo entre hoy y ma\u00f1ana; la idea es que los alquileres no crezcan, no aumenten, porque la gente est\u00e1 trabajando menos; y que no se produzcan desalojos porque si la gente se demora, es porque le cuesta tener el dinero para pagarlo&#8221;, inform\u00f3 en un di\u00e1logo con la TV p\u00fablica.<\/p>\n<p>El texto de los decretos qued\u00f3 en manos de la secretaria legal y t\u00e9cnica Vilma Ibarra que en estos d\u00edas intercambiar\u00eda algunos borradores con Sergio Massa, que estaba dispuesto a abrir la C\u00e1mara de Diputados y hab\u00eda asegurado el compromiso de la oposici\u00f3n.<\/p>\n<p>Seg\u00fan anunci\u00f3 el presidente el mi\u00e9rcoles, consistir\u00eda en suspender los aumentos previstos y que se paguen en cuotas mensuales al final del contrato. Si llegaba a debatirse en Diputados no hubiera habido consenso, porque Cambiemos no estaba de acuerdo con extender la suspensi\u00f3n por seis meses, como hab\u00eda anunciado el mi\u00e9rcoles el presidente en otra entrevista televisiva. Esta noche, Alberto no habl\u00f3 de plazos.<\/p>\n<p>Los diputados de Cambiemos creen que un semestre no pasar\u00e1 por un planteo judicial por tratarse de un contrato entre privados y mucho menos si se define por decreto. Consideran que lo m\u00e1s prudente es reducir el congelamiento a dos meses, que es lo m\u00e1ximo que durar\u00eda la cuarentena, y garantizar el cumplimiento de los contratos.<\/p>\n<p>El bloque de Unidad Federal para el Desarrollo, conducido por Jos\u00e9 Luis Ram\u00f3n, propuso que las locaciones habitacionales bajen 20% y comerciales un 40%, siempre con el compromiso de saldarlo cuando la cuarentena termine.<\/p>\n<p>El o los decretos tendr\u00e1n adem\u00e1s la suspensi\u00f3n de los desalojos y suspender\u00edan las actualizaciones de capital de los cr\u00e9ditos hipotecarios aunque, tambi\u00e9n en ese caso, ser\u00eda necesario definir una cancelaci\u00f3n del saldo cuando pase la cuarentena.<\/p>\n<p>La definici\u00f3n de la pr\u00f3rroga del aislamiento tambi\u00e9n influ\u00eda en el momento de congelar alquileres, porque los plazos del parate econ\u00f3mica no estar\u00edan claros. Los DNUs rigen desde el momento en que son publicados, por lo que ni bien se publique los inquilinos podr\u00e1n llamar a las inmobiliarias para pedir rebajas. S\u00f3lo quedan anulados si las dos C\u00e1maras del Congreso as\u00ed lo deciden, por lo que con la mayor\u00eda oficialista del Senado su vigencia est\u00e1 garantizada.<\/p>\n<p>Un tr\u00e1mite previo es la reuni\u00f3n de la bicameral de tr\u00e1mite legislativo, que preside el diputado kirchnerista Marcos Cleri y dominan los legisladores del frente Todos. Si en 10 d\u00edas no se re\u00fane, el decreto ya puede tratarse en el recinto. Con un gobierno de mayor\u00edas en alguna de las c\u00e1maras, nunca llegan a debatirse.<\/p>\n","protected":false},"excerpt":{"rendered":"<p>El presidente se resign\u00f3 a que no se reunir\u00e1 el Senado y no es posible sesionar. En la oposici\u00f3n advierten que si los precios se frenan seis meses, habr\u00e1 judicializaci\u00f3n &nbsp; &nbsp; Alberto Fern\u00e1ndez defini\u00f3 que el congelamiento de los alquileres y la suspensi\u00f3n se aplique por decreto de necesidad y urgencia, luego de aceptar que los senadores no iban a reunirse por temor a contagios de Coronavirus. &#8220;Est\u00e1 saliendo entre hoy y ma\u00f1ana; la idea es que los alquileres no crezcan, no aumenten, porque la gente est\u00e1 trabajando menos;&#8230;<\/p>\n","protected":false},"author":3,"featured_media":59592,"comment_status":"closed","ping_status":"closed","sticky":false,"template":"","format":"standard","meta":[],"categories":[18],"tags":[],"_links":{"self":[{"href":"https:\/\/www.actualidadadiario.com\/index.php\/wp-json\/wp\/v2\/posts\/59591"}],"collection":[{"href":"https:\/\/www.actualidadadiario.com\/index.php\/wp-json\/wp\/v2\/posts"}],"about":[{"href":"https:\/\/www.actualidadadiario.com\/index.php\/wp-json\/wp\/v2\/types\/post"}],"author":[{"embeddable":true,"href":"https:\/\/www.actualidadadiario.com\/index.php\/wp-json\/wp\/v2\/users\/3"}],"replies":[{"embeddable":true,"href":"https:\/\/www.actualidadadiario.com\/index.php\/wp-json\/wp\/v2\/comments?post=59591"}],"version-history":[{"count":1,"href":"https:\/\/www.actualidadadiario.com\/index.php\/wp-json\/wp\/v2\/posts\/59591\/revisions"}],"predecessor-version":[{"id":59593,"href":"https:\/\/www.actualidadadiario.com\/index.php\/wp-json\/wp\/v2\/posts\/59591\/revisions\/59593"}],"wp:featuredmedia":[{"embeddable":true,"href":"https:\/\/www.actualidadadiario.com\/index.php\/wp-json\/wp\/v2\/media\/59592"}],"wp:attachment":[{"href":"https:\/\/www.actualidadadiario.com\/index.php\/wp-json\/wp\/v2\/media?parent=59591"}],"wp:term":[{"taxonomy":"category","embeddable":true,"href":"https:\/\/www.actualidadadiario.com\/index.php\/wp-json\/wp\/v2\/categories?post=59591"},{"taxonomy":"post_tag","embeddable":true,"href":"https:\/\/www.actualidadadiario.com\/index.php\/wp-json\/wp\/v2\/tags?post=59591"}],"curies":[{"name":"wp","href":"https:\/\/api.w.org\/{rel}","templated":true}]}}