{"id":59588,"date":"2020-03-27T17:12:06","date_gmt":"2020-03-27T20:12:06","guid":{"rendered":"https:\/\/www.actualidadadiario.com\/?p=59588"},"modified":"2020-03-27T17:12:06","modified_gmt":"2020-03-27T20:12:06","slug":"alberto-estira-la-cuarentena-total-hasta-fin-de-abril-definen-formato","status":"publish","type":"post","link":"https:\/\/www.actualidadadiario.com\/index.php\/2020\/03\/27\/alberto-estira-la-cuarentena-total-hasta-fin-de-abril-definen-formato\/","title":{"rendered":"Alberto estira la cuarentena total hasta fin de abril: definen formato"},"content":{"rendered":"<p style=\"text-align: center;\"><em><strong>El gobierno nacional tom\u00f3 la decisi\u00f3n de prolongar el aislamiento social obligatorio, al menos, durante un mes m\u00e1s. Resta definir si ser\u00e1n dos anuncios escalonados, primero hasta el 13 y luego hasta fin de mes. Extrema preocupaci\u00f3n en Olivos<\/strong><\/em><\/p>\n<p>&nbsp;<\/p>\n<p>&nbsp;<\/p>\n<p>Entre hoy y ma\u00f1ana, Alberto Fern\u00e1ndez extender\u00e1 el aislamiento social obligatorio. El ambiente en el gobierno nacional es de extrema preocupaci\u00f3n y se estudiaba la decisi\u00f3n de mantener la medida, al menos, hasta el 30 de abril. Falta definir c\u00f3mo se comunicar\u00e1 la pr\u00f3rroga. Una posibilidad ser\u00eda a trav\u00e9s de dos anuncios escalonados, primero hasta el 13 de abril y cumplida esa fecha, otro decreto que la prolongue hasta fin de mes. Es la que cuenta con mayor adhesi\u00f3n en la mesa chica del Presidente. La segunda posibilidad ser\u00eda anunciar de una solo vez una pr\u00f3rroga que abarque todo abril.<\/p>\n<p>\u201cYa no es m\u00e1s hora a hora. La crisis es minuto a minuto ac\u00e1 adentro\u201d, advirti\u00f3 un funcionario de Presidencia a \u00c1mbito. En Olivos, Alberto manifiesta su preocupaci\u00f3n por la falta de conciencia de la sociedad sobre la gravedad de la pandemia. Por eso orden\u00f3 extremar el operativo cerrojo para controlar el tr\u00e1nsito vehicular, inclu\u00edda con confiscaci\u00f3n de autom\u00f3viles, y la detenci\u00f3n de todos aquellos que violen el aislamiento social obligatorio. El comit\u00e9 de epidemi\u00f3logos que asesora al Presidente estima que la curva de contagios reci\u00e9n empieza a despegar y que mayo ser\u00e1 el mes cr\u00edtico en esta batalla contra el virus.<\/p>\n<p>A la urgencia sanitaria, la pandemia agrega el crack econ\u00f3mico generado a partir del parate en seco de la actividad. El Presidente tambi\u00e9n busca una salida para morigerar los efectos del aislamiento social obligatorio. Una posibilidad que se analiza en despachos oficiales es exceptuar a las provincias que no tengan casos registrados. Fue un pedido de los gobernadores en la reuni\u00f3n que mantuvieron con el mandatario de la Rosada un d\u00eda antes del anuncio del aislamiento obligatorio. Por ahora hay seis que no han detectado casos de coronavirus \u2013lo que no significa que no haya infectados-: Catamarca, Chubut, Formosa, La Rioja, Misiones y San Juan. El esquema es de dif\u00edcil implementaci\u00f3n ya que la cadena productiva depende de insumos y fuerza humana tambi\u00e9n de otras jurisdicciones. En paralelo, el Ministerio de Educaci\u00f3n de la Naci\u00f3n se prepara para modificar que el calendario escolar, si las condiciones sanitarias lo permiten, se extienda a las vacaciones de invierno.<\/p>\n<p>A la salud y la econom\u00eda se suma la contenci\u00f3n social. El gobierno nacional primero realiz\u00f3 una prueba piloto en Quilmes junto al Ej\u00e9rcito para montar cocinas de campa\u00f1a y alimentar al sector de la poblaci\u00f3n m\u00e1s vulnerable. Como le anticiparon los intendentes del conurbano a Alberto, en los barrios de emergencia la cuarentena es impracticable. En condiciones de hacinamiento, las familias de entre seis y ocho personas no pueden resistir adentro de una casilla de chapa con 30 grados de sensaci\u00f3n t\u00e9rmica. Tampoco pueden trabajar ni realizar changas. Para evitar desbordes, el Presidente moviliz\u00f3 al Ej\u00e9rcito. Pero la prueba piloto de Quilmes no tuvo aceptaci\u00f3n de parte de la mayor\u00eda de los intendentes. Consideran que ubicar cocinas de campa\u00f1a para alimentar a la poblaci\u00f3n en puntos fijos potenciar\u00e1 el movimiento de gente en los barrios y espiralizar\u00eda los contagios.<\/p>\n<p>El mi\u00e9rcoles en La Matanza se resolvi\u00f3 mantener la presencia del Ej\u00e9rcito en el conurbano, donde habitan m\u00e1s de 14 millones de personas, pero con la modalidad solicitada por los jefes comunales. El reparto de bolsones de comida casa por casa. Fernando Espinoza explic\u00f3 a los funcionarios nacionales y del Ej\u00e9rcito cu\u00e1les son los puntos m\u00e1s cr\u00edticos del territorio que gobierna, y en d\u00f3nde habr\u00e1 que concentrar las tareas de asistencia alimentaria. La vicegobernadora Ver\u00f3nica Magario explic\u00f3 que en La Matanza se realizar\u00e1 una &#8220;prueba piloto para despu\u00e9s replicar la experiencia en otros lugares de la provincia de Buenos Aires&#8221; que tambi\u00e9n requerir\u00e1n refuerzo alimentario.<\/p>\n<p>En la Quinta de Olivos la preocupaci\u00f3n hoy se enfoca en tres factores: el despegue de la curva de contagios a\u00fan con altas temperaturas, la circulaci\u00f3n local del COVID 19 m\u00e1s all\u00e1 de los casos importados, y el peligro de que el virus se espiralice en barrios de emergencia del conurbano bonaerense. La provincia de Buenos Aires marc\u00f3 el regreso de Cristina Kirchner a escena. Despu\u00e9s de su viaje a Cuba, la vicepresidente se encuentra cumpliendo el aislamiento en su departamento. Desde all\u00ed llama a dirigentes del conurbano para interiorizarse sobre el reparto de alimentos en los barrios, los controles de precios y la disponibilidad de camas para la emergencia.<\/p>\n","protected":false},"excerpt":{"rendered":"<p>El gobierno nacional tom\u00f3 la decisi\u00f3n de prolongar el aislamiento social obligatorio, al menos, durante un mes m\u00e1s. Resta definir si ser\u00e1n dos anuncios escalonados, primero hasta el 13 y luego hasta fin de mes. Extrema preocupaci\u00f3n en Olivos &nbsp; &nbsp; Entre hoy y ma\u00f1ana, Alberto Fern\u00e1ndez extender\u00e1 el aislamiento social obligatorio. El ambiente en el gobierno nacional es de extrema preocupaci\u00f3n y se estudiaba la decisi\u00f3n de mantener la medida, al menos, hasta el 30 de abril. Falta definir c\u00f3mo se comunicar\u00e1 la pr\u00f3rroga. Una posibilidad ser\u00eda a trav\u00e9s&#8230;<\/p>\n","protected":false},"author":3,"featured_media":59589,"comment_status":"closed","ping_status":"closed","sticky":false,"template":"","format":"standard","meta":[],"categories":[9],"tags":[],"_links":{"self":[{"href":"https:\/\/www.actualidadadiario.com\/index.php\/wp-json\/wp\/v2\/posts\/59588"}],"collection":[{"href":"https:\/\/www.actualidadadiario.com\/index.php\/wp-json\/wp\/v2\/posts"}],"about":[{"href":"https:\/\/www.actualidadadiario.com\/index.php\/wp-json\/wp\/v2\/types\/post"}],"author":[{"embeddable":true,"href":"https:\/\/www.actualidadadiario.com\/index.php\/wp-json\/wp\/v2\/users\/3"}],"replies":[{"embeddable":true,"href":"https:\/\/www.actualidadadiario.com\/index.php\/wp-json\/wp\/v2\/comments?post=59588"}],"version-history":[{"count":1,"href":"https:\/\/www.actualidadadiario.com\/index.php\/wp-json\/wp\/v2\/posts\/59588\/revisions"}],"predecessor-version":[{"id":59590,"href":"https:\/\/www.actualidadadiario.com\/index.php\/wp-json\/wp\/v2\/posts\/59588\/revisions\/59590"}],"wp:featuredmedia":[{"embeddable":true,"href":"https:\/\/www.actualidadadiario.com\/index.php\/wp-json\/wp\/v2\/media\/59589"}],"wp:attachment":[{"href":"https:\/\/www.actualidadadiario.com\/index.php\/wp-json\/wp\/v2\/media?parent=59588"}],"wp:term":[{"taxonomy":"category","embeddable":true,"href":"https:\/\/www.actualidadadiario.com\/index.php\/wp-json\/wp\/v2\/categories?post=59588"},{"taxonomy":"post_tag","embeddable":true,"href":"https:\/\/www.actualidadadiario.com\/index.php\/wp-json\/wp\/v2\/tags?post=59588"}],"curies":[{"name":"wp","href":"https:\/\/api.w.org\/{rel}","templated":true}]}}