{"id":59585,"date":"2020-03-27T17:11:20","date_gmt":"2020-03-27T20:11:20","guid":{"rendered":"https:\/\/www.actualidadadiario.com\/?p=59585"},"modified":"2020-03-27T17:11:20","modified_gmt":"2020-03-27T20:11:20","slug":"alberto-fernandez-ratifico-el-rumbo-del-gobierno","status":"publish","type":"post","link":"https:\/\/www.actualidadadiario.com\/index.php\/2020\/03\/27\/alberto-fernandez-ratifico-el-rumbo-del-gobierno\/","title":{"rendered":"Alberto Fern\u00e1ndez ratific\u00f3 el rumbo del Gobierno"},"content":{"rendered":"<p style=\"text-align: center;\"><em><strong>Abog\u00f3 por el aislamiento social y por el teletrabajo; afirm\u00f3 que no hay apuro para que los chicos vuelvan a clase y confirm\u00f3 que est\u00e1 a su firma el decreto que congela alquileres y proh\u00edbe desalojos<\/strong><\/em><\/p>\n<p>&nbsp;<\/p>\n<p>&nbsp;<\/p>\n<p>&nbsp;<\/p>\n<p>En una nueva presentaci\u00f3n por televisi\u00f3n abierta para que su mensaje llegue a todos los argentinos, en medio de una crisis sin precedente por la pandemia del coronavirus (Covid-19), el presidente Alberto Fern\u00e1ndez asegur\u00f3 que &#8220;nadie est\u00e1 exento a este virus&#8221; y explic\u00f3 que desde el Gobierno buscan poder &#8220;sortear entre todos el mal momento, atender a todos, no dejar a nadie afuera de esta l\u00f3gica&#8221;.<\/p>\n<p>Durante una entrevista en la TV P\u00fablica, ratific\u00f3 las medidas que tom\u00f3 su gobierno para que la pandemia no se expanda a un ritmo tal que el sistema de salud no pueda atender a los afectados. Y se explay\u00f3 sobre los cambios culturales que imprime el aislamiento social, preventivo y obligatorio. Abog\u00f3 por el teletrabajo y afirm\u00f3 que no hay apuro para que los chicos vuelvan al colegio.<\/p>\n<p>Lo primero que hizo al aire fue contar qua acababa de hablar con su vicepresidenta, Cristina Kirchner, de perfil muy bajo, pero la entrevista realizada por Rosario Lufrano comenz\u00f3 con un cometario sobre su participaci\u00f3n en una videoconferencia con los l\u00edderes del G-20, donde pidi\u00f3 crear un Fondo Mundial de Emergencia. En pantalla, Alberto Fern\u00e1ndez se mostr\u00f3 esperanzado en un &#8220;escenario de mayor igualdad en la sociedad para que todos tengan la posibilidad de progresar&#8221; y dijo que el coronavirus &#8220;muestra lo endeble del sistema, porque un virus hace bajar el precio de las empresas, se pone en contra de los consumidores y empobrece a quienes tienen avaricia de ganancias desmedidas&#8221;.<\/p>\n<p>Consultado sobre el impacto que la pandemia puede tener en el sistema capitalista, respondi\u00f3 que &#8220;el costo de tantas vidas&#8221; algo debe ense\u00f1ar a la humanidad, a la vez que se\u00f1al\u00f3 que trajo &#8220;tranquilidad&#8221; el planteo del Fondo Monetario Internacional (FMI) y del Banco Mundial, que &#8220;los acreedores privados dejen de cobrar intereses a pa\u00edses con deudas&#8221;.<\/p>\n<p>Asegur\u00f3, adem\u00e1s, que aspira a que cambie la visi\u00f3n del mundo despu\u00e9s de que pase la pandemia, que demostr\u00f3 c\u00f3mo riquezas acumuladas durante a\u00f1os &#8220;pueden perderse en diez minutos&#8221;.<\/p>\n<p>Respecto a las decisiones tomadas por su gobierno para enfrentar la pandemia, celebr\u00f3 que la Organizaci\u00f3n Mundial de la Salud (OMS) haya seleccionado a la Argentina como uno de los diez pa\u00edses del mundo que har\u00e1n ensayos cl\u00ednicos para la posible cura del coronavirus, y destac\u00f3 el camino elegido de &#8220;escuchar a los cient\u00edficos y m\u00e9dicos&#8221; para establecer las medidas necesarias &#8220;desde el inicio&#8221; de la llegada de la pandemia.<\/p>\n<p>Como el mi\u00e9rcoles, volvi\u00f3 a llamar &#8220;idiotas&#8221; a los violan el aislamiento social, preventivo y obligatorio. Y, con un chiste porque antes hab\u00eda nombrado a Ra\u00fal Alfons\u00edn, utiliz\u00f3 una frase del acervo peronista para explicar la necesidad de quedarse en casa: El ex presidente Juan Domingo &#8220;Per\u00f3n dijo que los pueblos son art\u00edfices de su propio destino, y depende de nosotros en gran medida&#8221; superar este trance&#8221;, afirm\u00f3, y revel\u00f3 que le pidi\u00f3 a la ministra de Seguridad, Sabina Frederic, &#8220;inflexibilidad absoluta, porque se termin\u00f3 la paciencia, lo mismo que para los especuladores y sinverg\u00fcenzas que remarcan&#8221;.<\/p>\n<p>Luego de que se confirmara por la tarde que los empleados en relaci\u00f3n de dependencia deber\u00e1n continuar sin ir a sus trabajos al menos hasta el 31 de marzo, afirm\u00f3 que las empresas est\u00e1n notando los beneficios del home office y destac\u00f3 que el trabajador ahorra en transporte.<\/p>\n<p>En ese marco, se pregunt\u00f3, en virtud de los cambios forzados, si no surgen como beneficiosos &#8220;el teletrabajo&#8221;, la &#8220;teleducaci\u00f3n&#8221; y que &#8220;los medios de transporte p\u00fablico se abarroten menos y el medio ambiente se contamine menos&#8221;.<\/p>\n<p>Por otra parte, insisti\u00f3 en que el gobierno va a &#8220;atender a todos, no va a dejar a nadie afuera&#8221; de la cobertura en la emergencia por el aislamiento. &#8220;Queremos que podamos sortear entre todos el mal momento, atender a todos, no dejar a nadie afuera de esta l\u00f3gica. Hay muchos que hoy tienen un problema de trabajo y queremos que a todos nos duela lo menos posible el momento que estamos viviendo&#8221;, dijo.<\/p>\n<p>Adem\u00e1s, asegur\u00f3 que &#8220;la monta\u00f1a de dinero, que son los dos puntos del PBI&#8221;, destinados a medidas para morigerar el efecto de la pandemia &#8220;actu\u00f3 como un fondo solidario&#8221;.<\/p>\n<p>Al hablar sobre el estado en los hospitales p\u00fablicos, con apenas cuatro meses en el gobierno y sin cargar las tintas sobre la responsabilidad del ex presidente Mauricio Macri, a quien no nombr\u00f3, afirm\u00f3 que &#8220;el deterioro de la salud en los \u00faltimos a\u00f1os es evidente y hay que reconstruir el sistema&#8221;, ante lo cual asever\u00f3 que el gobierno se est\u00e1 &#8220;moviendo a gran velocidad&#8221; para lograr ese objetivo.<\/p>\n<p>Sobre el crecimiento de la pandemia en la Argentina, asegur\u00f3 que &#8220;la relaci\u00f3n entre infectados y muertos sigue siendo baja&#8221; y que &#8220;eso tiene que tranquilizar a todos&#8221;. De todos modos, dej\u00f3 claro que el gobierno nacional trabaja para que &#8220;en el peor escenario tengamos camas y respiradores artificiales&#8221;.<\/p>\n<p>En un p\u00e1rrafo especialmente dedicado a los adultos mayores, cont\u00f3 que analiz\u00f3 con la titular del PAMI, Luana Volnovich, &#8220;el estado del PAMI, su sistema hospitalario&#8221; y medidas para los jubilados y pensionados como &#8220;la vacunaci\u00f3n antigripal&#8221; que se inicia tradicionalmente en esta \u00e9poca.<\/p>\n<p>Respecto a las medidas anunciadas a\u00fan no oficiales, adelant\u00f3 que el Decreto de Necesidad y Urgencia (DNU) para congelar por seis meses los precios de los alquileres y las cuotas de los cr\u00e9ditos hipotecarios estar\u00e1 saliendo &#8220;entre hoy y ma\u00f1ana&#8221;.<\/p>\n<p>El decreto incluye una suspensi\u00f3n de los desalojos, dijo que eso no deber\u00eda ocurrir en estas circunstancias y advirti\u00f3 que afirm\u00f3 que \u00e9l mismo har\u00e1 &#8220;denuncias en el INADI&#8221; si hay casos de discriminaci\u00f3n durante la crisis, como desalojo de personas trans.<\/p>\n<p>Seg\u00fan confirm\u00f3, el DNU ser\u00e1 firmado en las pr\u00f3ximas horas debido a las dificultades del Congreso para sesionar en medio de la pandemia de coronavirus.<\/p>\n<p>Tambi\u00e9n habl\u00f3 sobre la situaci\u00f3n de los chicos que no pueden ir al colegio por el aislamiento, afirm\u00f3 que &#8220;si hay algo que no urge es el inicio de clases&#8221;, y agreg\u00f3 que &#8220;ya veremos c\u00f3mo compensamos esos d\u00edas&#8221;.<\/p>\n<p>El Gobierno apuesta a intensificar programas en medios e Internet. &#8220;No tiene mucho sentido subir a un chiquito o a un adolescente a un colectivo para que termine infectado a esa edad&#8221;, se\u00f1al\u00f3, al tiempo que reiter\u00f3 que el reinicio de las clases &#8220;puede esperar&#8221;.<\/p>\n","protected":false},"excerpt":{"rendered":"<p>Abog\u00f3 por el aislamiento social y por el teletrabajo; afirm\u00f3 que no hay apuro para que los chicos vuelvan a clase y confirm\u00f3 que est\u00e1 a su firma el decreto que congela alquileres y proh\u00edbe desalojos &nbsp; &nbsp; &nbsp; En una nueva presentaci\u00f3n por televisi\u00f3n abierta para que su mensaje llegue a todos los argentinos, en medio de una crisis sin precedente por la pandemia del coronavirus (Covid-19), el presidente Alberto Fern\u00e1ndez asegur\u00f3 que &#8220;nadie est\u00e1 exento a este virus&#8221; y explic\u00f3 que desde el Gobierno buscan poder &#8220;sortear entre&#8230;<\/p>\n","protected":false},"author":3,"featured_media":59586,"comment_status":"closed","ping_status":"closed","sticky":false,"template":"","format":"standard","meta":[],"categories":[9],"tags":[],"_links":{"self":[{"href":"https:\/\/www.actualidadadiario.com\/index.php\/wp-json\/wp\/v2\/posts\/59585"}],"collection":[{"href":"https:\/\/www.actualidadadiario.com\/index.php\/wp-json\/wp\/v2\/posts"}],"about":[{"href":"https:\/\/www.actualidadadiario.com\/index.php\/wp-json\/wp\/v2\/types\/post"}],"author":[{"embeddable":true,"href":"https:\/\/www.actualidadadiario.com\/index.php\/wp-json\/wp\/v2\/users\/3"}],"replies":[{"embeddable":true,"href":"https:\/\/www.actualidadadiario.com\/index.php\/wp-json\/wp\/v2\/comments?post=59585"}],"version-history":[{"count":1,"href":"https:\/\/www.actualidadadiario.com\/index.php\/wp-json\/wp\/v2\/posts\/59585\/revisions"}],"predecessor-version":[{"id":59587,"href":"https:\/\/www.actualidadadiario.com\/index.php\/wp-json\/wp\/v2\/posts\/59585\/revisions\/59587"}],"wp:featuredmedia":[{"embeddable":true,"href":"https:\/\/www.actualidadadiario.com\/index.php\/wp-json\/wp\/v2\/media\/59586"}],"wp:attachment":[{"href":"https:\/\/www.actualidadadiario.com\/index.php\/wp-json\/wp\/v2\/media?parent=59585"}],"wp:term":[{"taxonomy":"category","embeddable":true,"href":"https:\/\/www.actualidadadiario.com\/index.php\/wp-json\/wp\/v2\/categories?post=59585"},{"taxonomy":"post_tag","embeddable":true,"href":"https:\/\/www.actualidadadiario.com\/index.php\/wp-json\/wp\/v2\/tags?post=59585"}],"curies":[{"name":"wp","href":"https:\/\/api.w.org\/{rel}","templated":true}]}}