{"id":59579,"date":"2020-03-27T17:09:47","date_gmt":"2020-03-27T20:09:47","guid":{"rendered":"https:\/\/www.actualidadadiario.com\/?p=59579"},"modified":"2020-03-27T17:09:47","modified_gmt":"2020-03-27T20:09:47","slug":"destinan-38-600-millones-a-planes-alimentarios-y-8-000-millones-a-reforzar-salud","status":"publish","type":"post","link":"https:\/\/www.actualidadadiario.com\/index.php\/2020\/03\/27\/destinan-38-600-millones-a-planes-alimentarios-y-8-000-millones-a-reforzar-salud\/","title":{"rendered":"Destinan $38.600 millones a planes alimentarios y $8.000 millones a reforzar salud"},"content":{"rendered":"<p style=\"text-align: center;\"><em><strong>A trav\u00e9s de la decisi\u00f3n administrativa 443\/2020, publicada en el Bolet\u00edn Oficial, el Gobierno realiz\u00f3 un reordenamiento de partidas presupuestarias<\/strong><\/em><\/p>\n<p>&nbsp;<\/p>\n<p>&nbsp;<\/p>\n<p>El gobierno nacional modific\u00f3 el presupuesto para este a\u00f1o y, entre las principales variaciones, destin\u00f3 $ 38.600 millones a programas alimentarios, m\u00e1s de $ 8.000 millones a reforzar las acciones del Ministerio de Salud, y $ 5.760 millones a las provincias, en el marco de la emergencia sanitaria dictada por el avance de la pandemia de coronavirus.<\/p>\n<p>Lo hizo a trav\u00e9s de la decisi\u00f3n administrativa 443\/2020 publicada en el Bolet\u00edn Oficial, que precis\u00f3 que en el reordenamiento de partidas presupuestarias se toman del Tesoro Nacional $ 48.698.552.953.<\/p>\n<p>&nbsp;<\/p>\n<p><strong>El detalle de las partidas<\/strong><\/p>\n<p>Esta normativa Increment\u00f3 en $ 38.688 millones el presupuesto del Ministerio de Desarrollo Social con el prop\u00f3sito de atender acciones destinadas a las tarjetas alimentarias, m\u00f3dulos alimentarios y comedores escolares, as\u00ed como tambi\u00e9n la asistencia alimentaria en situaciones cr\u00edticas o de emergencia.<\/p>\n<p>En el caso del Ministerio de Salud, se aumentaron las partidas con el objeto atender la adquisici\u00f3n de vacunas correspondientes al calendario nacional de vacunaci\u00f3n por $ 2.654.437.821 y para cubrir los gastos de funcionamiento de los hospitales de Alta Complejidad El Calafate por $ 471 millones y de Cuenca Alta N\u00e9stor Kirchner por $ 1.671 millones.<\/p>\n<p>Por otra parte, se sumaron $ 3.797.646.292 a los presupuestos vigentes de los hospitales nacionales Laura Bonaparte, Baldomero Sommer, y Alejandro Posadas; de las administraciones nacionales de Medicamentos, Alimentos y Tecnolog\u00eda M\u00e9dica (Anmat) y de Laboratorios e Institutos de Salud Malbr\u00e1n (Anlis); de los institutos nacionales Central Unico Coordinador de Ablaci\u00f3n e Implante (Incucai) y de Rehabilitaci\u00f3n Psicof\u00edsica del Sur Juan Otimio Tesone; de la Colonia Montes de Oca; y de la Agencia Nacional de Laboratorios P\u00fablicos (Anlap).<\/p>\n<p>En tanto, el Ministerio del Interior recibir\u00e1 $ 5.760.357.138 con el objeto de incrementar las transferencias a provincias correspondientes al Fondo de Aportes del Tesoro Nacional, financiado con recursos remanentes del Ejercicio 2019.<\/p>\n<p>Adem\u00e1s se increment\u00f3 en $ 3.896.687.037 la partida para pensiones no contributivas por invalidez laborativa de la Agencia Nacional de Discapacidad, con el fin de dar cobertura al subsidio extraordinario para pensionados no contributivos por $ 3.200 millones y para atenci\u00f3n m\u00e9dica a los beneficiarios, por $ 696.687.037.<\/p>\n<p>La misma decisi\u00f3n destin\u00f3 $ 1.190 millones a la empresa Yacimientos Carbon\u00edferos de R\u00edo Turbio (YCRT); y a reforzar los cr\u00e9ditos de los estados mayores generales del Ej\u00e9rcito en $ 371.000.088; y de la Armada en $ 241.602.536, para atender sus gastos de funcionamiento.<\/p>\n<p>Por \u00faltimo se definieron compensaciones de cr\u00e9ditos por $ 1.134.647.314 entre la Jefatura de Gabinete y el Ministerio de Cultura, con el fin de reflejar en su presupuesto los correspondientes al Centro Cultural N\u00e9stor Kirchner (CCK) y el Parque Tecn\u00f3polis.<\/p>\n","protected":false},"excerpt":{"rendered":"<p>A trav\u00e9s de la decisi\u00f3n administrativa 443\/2020, publicada en el Bolet\u00edn Oficial, el Gobierno realiz\u00f3 un reordenamiento de partidas presupuestarias &nbsp; &nbsp; El gobierno nacional modific\u00f3 el presupuesto para este a\u00f1o y, entre las principales variaciones, destin\u00f3 $ 38.600 millones a programas alimentarios, m\u00e1s de $ 8.000 millones a reforzar las acciones del Ministerio de Salud, y $ 5.760 millones a las provincias, en el marco de la emergencia sanitaria dictada por el avance de la pandemia de coronavirus. Lo hizo a trav\u00e9s de la decisi\u00f3n administrativa 443\/2020 publicada en&#8230;<\/p>\n","protected":false},"author":3,"featured_media":59580,"comment_status":"closed","ping_status":"closed","sticky":false,"template":"","format":"standard","meta":[],"categories":[2],"tags":[],"_links":{"self":[{"href":"https:\/\/www.actualidadadiario.com\/index.php\/wp-json\/wp\/v2\/posts\/59579"}],"collection":[{"href":"https:\/\/www.actualidadadiario.com\/index.php\/wp-json\/wp\/v2\/posts"}],"about":[{"href":"https:\/\/www.actualidadadiario.com\/index.php\/wp-json\/wp\/v2\/types\/post"}],"author":[{"embeddable":true,"href":"https:\/\/www.actualidadadiario.com\/index.php\/wp-json\/wp\/v2\/users\/3"}],"replies":[{"embeddable":true,"href":"https:\/\/www.actualidadadiario.com\/index.php\/wp-json\/wp\/v2\/comments?post=59579"}],"version-history":[{"count":1,"href":"https:\/\/www.actualidadadiario.com\/index.php\/wp-json\/wp\/v2\/posts\/59579\/revisions"}],"predecessor-version":[{"id":59581,"href":"https:\/\/www.actualidadadiario.com\/index.php\/wp-json\/wp\/v2\/posts\/59579\/revisions\/59581"}],"wp:featuredmedia":[{"embeddable":true,"href":"https:\/\/www.actualidadadiario.com\/index.php\/wp-json\/wp\/v2\/media\/59580"}],"wp:attachment":[{"href":"https:\/\/www.actualidadadiario.com\/index.php\/wp-json\/wp\/v2\/media?parent=59579"}],"wp:term":[{"taxonomy":"category","embeddable":true,"href":"https:\/\/www.actualidadadiario.com\/index.php\/wp-json\/wp\/v2\/categories?post=59579"},{"taxonomy":"post_tag","embeddable":true,"href":"https:\/\/www.actualidadadiario.com\/index.php\/wp-json\/wp\/v2\/tags?post=59579"}],"curies":[{"name":"wp","href":"https:\/\/api.w.org\/{rel}","templated":true}]}}