{"id":59576,"date":"2020-03-27T17:09:03","date_gmt":"2020-03-27T20:09:03","guid":{"rendered":"https:\/\/www.actualidadadiario.com\/?p=59576"},"modified":"2020-03-27T17:09:03","modified_gmt":"2020-03-27T20:09:03","slug":"tras-cerrar-fronteras-el-gobierno-planifica-el-regreso-gradual-y-seguro-de-argentinos","status":"publish","type":"post","link":"https:\/\/www.actualidadadiario.com\/index.php\/2020\/03\/27\/tras-cerrar-fronteras-el-gobierno-planifica-el-regreso-gradual-y-seguro-de-argentinos\/","title":{"rendered":"Tras cerrar fronteras, el Gobierno planifica el regreso &#8220;gradual y seguro&#8221; de argentinos"},"content":{"rendered":"<p style=\"text-align: center;\"><em><strong>Se conform\u00f3 una mesa de trabajo interministerial para asistir a los argentinos en el exterior. Tendr\u00e1n prioridad personas en situaciones de riesgos de salud<\/strong><\/em><\/p>\n<p>&nbsp;<\/p>\n<p>El gobierno nacional conform\u00f3 una mesa de trabajo interministerial para asistir a los argentinos en el exterior, y planificar &#8220;de manera gradual y segura&#8221; sus regresos ante la ampliaci\u00f3n al cierre de fronteras, puertos, aeropuertos y pasos internacionales que comenz\u00f3 a regir este viernes, de acuerdo con lo dispuesto por el Decreto 313\/2020 firmado por el presidente Alberto Fern\u00e1ndez.<\/p>\n<p>As\u00ed lo inform\u00f3 Presidencia a trav\u00e9s de un comunicado en el que se\u00f1al\u00f3 que se le dar\u00e1 &#8220;prioridad&#8221; a personas en situaciones de riesgos de salud &#8220;en los eventuales vuelos especiales de car\u00e1cter humanitario&#8221;.<\/p>\n<p>All\u00ed, se explica que una mesa de trabajo interministerial &#8220;analizar\u00e1 caso por caso la asistencia, permanencia y regreso de los ciudadanos argentinos que a\u00fan se encuentran en el exterior y desean retornar!, y se consigna que, de esta manera, &#8220;el Ejecutivo planifica de manera gradual y segura la vuelta de los ciudadanos argentinos a trav\u00e9s de todos sus pasos fronterizos&#8221;.<\/p>\n<p>En ese marco, se se\u00f1ala que &#8220;la Canciller\u00eda y el Ministerio del Interior, a trav\u00e9s de la Direcci\u00f3n Nacional de Migraciones, conformaron un registro de las personas en situaciones de riesgo de salud, a quienes se dar\u00e1 prioridad en los eventuales vuelos especiales de car\u00e1cter humanitario&#8221;.<\/p>\n<p>En el marco de este operativo, el Ministerio de Salud de la Naci\u00f3n ser\u00e1 el &#8220;encargado de determinar, en base a las condiciones de riesgo m\u00e9dico y sanitario, las prioridades para su retorno&#8221;.<\/p>\n<p>Asimismo, se indic\u00f3 que &#8220;la cartera de Transporte, a trav\u00e9s de la aerol\u00ednea de bandera, Aerol\u00edneas Argentinas, dispondr\u00e1 de las medidas log\u00edsticas para traer al pa\u00eds a las personas exceptuadas del decreto 313\/2020, que dispuso el cierre de fronteras&#8221;.<\/p>\n<p>Al hacer referencia a los fundamentos de la decisi\u00f3n de ampliar el cierre de fronteras que se encontraba vigente, la Presidencia consign\u00f3 que, &#8220;en un trabajo conjunto, la Canciller\u00eda y los Ministerios de Interior, de Transporte, Seguridad y de Salud evaluaron el riesgo que representa el ingreso de argentinos procedentes de pa\u00edses con alta circulaci\u00f3n de Covid-19, ya que los mismos tienen una alta posibilidad de portar el virus y convertirse en una fuente disparadora de la curva de contagios&#8221;.<\/p>\n<p>&#8220;El decreto que dispuso el cierre de fronteras destaca -prosigue el texto- que el objetivo principal del Gobierno es preservar la salud de sus 44 millones de habitantes y, al mismo tiempo, organizar el regreso al pa\u00eds de quienes est\u00e1n en el exterior, sin que ello intervenga con la estrategia sanitaria que se viene llevando adelante desde el inicio de la pandemia&#8221;.<\/p>\n","protected":false},"excerpt":{"rendered":"<p>Se conform\u00f3 una mesa de trabajo interministerial para asistir a los argentinos en el exterior. Tendr\u00e1n prioridad personas en situaciones de riesgos de salud &nbsp; El gobierno nacional conform\u00f3 una mesa de trabajo interministerial para asistir a los argentinos en el exterior, y planificar &#8220;de manera gradual y segura&#8221; sus regresos ante la ampliaci\u00f3n al cierre de fronteras, puertos, aeropuertos y pasos internacionales que comenz\u00f3 a regir este viernes, de acuerdo con lo dispuesto por el Decreto 313\/2020 firmado por el presidente Alberto Fern\u00e1ndez. As\u00ed lo inform\u00f3 Presidencia a trav\u00e9s&#8230;<\/p>\n","protected":false},"author":3,"featured_media":59577,"comment_status":"closed","ping_status":"closed","sticky":false,"template":"","format":"standard","meta":[],"categories":[2],"tags":[],"_links":{"self":[{"href":"https:\/\/www.actualidadadiario.com\/index.php\/wp-json\/wp\/v2\/posts\/59576"}],"collection":[{"href":"https:\/\/www.actualidadadiario.com\/index.php\/wp-json\/wp\/v2\/posts"}],"about":[{"href":"https:\/\/www.actualidadadiario.com\/index.php\/wp-json\/wp\/v2\/types\/post"}],"author":[{"embeddable":true,"href":"https:\/\/www.actualidadadiario.com\/index.php\/wp-json\/wp\/v2\/users\/3"}],"replies":[{"embeddable":true,"href":"https:\/\/www.actualidadadiario.com\/index.php\/wp-json\/wp\/v2\/comments?post=59576"}],"version-history":[{"count":1,"href":"https:\/\/www.actualidadadiario.com\/index.php\/wp-json\/wp\/v2\/posts\/59576\/revisions"}],"predecessor-version":[{"id":59578,"href":"https:\/\/www.actualidadadiario.com\/index.php\/wp-json\/wp\/v2\/posts\/59576\/revisions\/59578"}],"wp:featuredmedia":[{"embeddable":true,"href":"https:\/\/www.actualidadadiario.com\/index.php\/wp-json\/wp\/v2\/media\/59577"}],"wp:attachment":[{"href":"https:\/\/www.actualidadadiario.com\/index.php\/wp-json\/wp\/v2\/media?parent=59576"}],"wp:term":[{"taxonomy":"category","embeddable":true,"href":"https:\/\/www.actualidadadiario.com\/index.php\/wp-json\/wp\/v2\/categories?post=59576"},{"taxonomy":"post_tag","embeddable":true,"href":"https:\/\/www.actualidadadiario.com\/index.php\/wp-json\/wp\/v2\/tags?post=59576"}],"curies":[{"name":"wp","href":"https:\/\/api.w.org\/{rel}","templated":true}]}}