{"id":59571,"date":"2020-03-27T17:07:35","date_gmt":"2020-03-27T20:07:35","guid":{"rendered":"https:\/\/www.actualidadadiario.com\/?p=59571"},"modified":"2020-03-27T17:07:35","modified_gmt":"2020-03-27T20:07:35","slug":"carnicerias-advierten-que-la-suba-de-la-carne-durante-la-cuarentena-es-desproporcionada","status":"publish","type":"post","link":"https:\/\/www.actualidadadiario.com\/index.php\/2020\/03\/27\/carnicerias-advierten-que-la-suba-de-la-carne-durante-la-cuarentena-es-desproporcionada\/","title":{"rendered":"Carnicer\u00edas advierten que la suba de la carne durante la cuarentena es desproporcionada"},"content":{"rendered":"<p style=\"text-align: center;\"><em><strong>El sector no explica por qu\u00e9 la industria ganadera remarca los valores si la demanda est\u00e1 en baja<\/strong><\/em><\/p>\n<p>&nbsp;<\/p>\n<p>&nbsp;<\/p>\n<p>El presidente de la Asociaci\u00f3n de Propietarios de la Carnicer\u00edas, Alberto Williams, asegur\u00f3 que el valor actual de la carne es \u201cdesproporcionado\u201d. \u201cQue me explique alguien por qu\u00e9 aumenta si no hay m\u00e1s demanda\u201d, reclam\u00f3 en una entrevista para El Intransigente. Seg\u00fan el empresario, los precios no se condicen ni con el poder adquisitivo de la poblaci\u00f3n ni con la situaci\u00f3n que atraviesa el pa\u00eds por el coronavirus.<\/p>\n<p>Tal como indic\u00f3 Williams, la carne se encuentra entre los productos que se han encarecido desde que comenz\u00f3 la cuarentena. El lunes, experiment\u00f3 un incremento de $10 y no se ha movido desde entonces. \u201cEsperemos que no siga subiendo porque ya los valores son desproporcionados para el poder adquisitivo de la gente. Tambi\u00e9n lo son para la situaci\u00f3n que vivimos, que es bastante complicada como para que se complique m\u00e1s con los precios de la mercader\u00eda de primera necesidad\u201d, opin\u00f3.<\/p>\n<p>El representante de las carnicer\u00edas advirti\u00f3 que no solo la carne se ha vuelto m\u00e1s costosa. \u201cTambi\u00e9n aumenta el pollo y hoy es imposible comer verdura, comprarla. Hace una semana atr\u00e1s, un kilo de zanahoria val\u00eda $35 y hoy vale $160. Eso es una barbaridad, no deber\u00eda ocurrir eso\u201d, plante\u00f3. En esta misma l\u00ednea se hab\u00eda manifestado H\u00e9ctor Polino, titular de Consumidores Libres, quien consider\u00f3 que \u201cla especulaci\u00f3n ha aumentado de manera exponencial\u201d.<\/p>\n<p>Desde el sector c\u00e1rnico, esperar que los precios bajen en los pr\u00f3ximos d\u00edas, dado que la exportaci\u00f3n est\u00e1 cerrada y el consumo, en baja. Williams coincidi\u00f3 en que esto deber\u00eda ser as\u00ed y manifest\u00f3 que no puede comprender por qu\u00e9 contin\u00faa subiendo. \u201cQue me explique alguien por qu\u00e9 aumenta si no hay m\u00e1s demanda. Incluso, ahora la gente est\u00e1 comprando poquito porque no dispone del poder adquisitivo para comprar en cantidad\u201d, sostuvo.<\/p>\n<p>Por otra parte, el empresario explic\u00f3 que, \u201csi bien est\u00e1 cerrada la exportaci\u00f3n, muchos exportadores est\u00e1n haciendo la faena y sacando en fr\u00edo para entregar una vez que todo esto se solucione\u201d. \u201cLo que est\u00e1n exportando en este momento a China no molesta mucho el consumo, pero puede traer problemas. Lo que m\u00e1s necesita el pa\u00eds en este momento es abastecer el consumo interno\u201d, a\u00f1adi\u00f3.<\/p>\n<p>Finalmente, explic\u00f3 cu\u00e1les son las precauciones que toman los carniceros para prevenir contagios. \u201cEl cuidado que tenemos es el que dicen los m\u00e9dicos, es decir, lavarse las manos, ponerse barbijo y estar a dos metros de distancia. En la asociaci\u00f3n, est\u00e1n las puertas cerradas, no va el personal a trabajar. Estamos cumpliendo lo requerido y ayudando en lo que podemos desde casa\u201d, concluy\u00f3.<\/p>\n<p>Es l\u00f3gico que el que va atender al mostrador corre m\u00e1s riesgo porque hay m\u00e1s movimiento de gente. Pero si cumple m\u00e1s o menos lo que dicen los que saben, los m\u00e9dicos, por lo menos hay una prevenci\u00f3n. Despu\u00e9s, Dios dir\u00e1 lo que nos pasar\u00e1, as\u00ed que tratamos de cumplir lo que nos informan.<\/p>\n","protected":false},"excerpt":{"rendered":"<p>El sector no explica por qu\u00e9 la industria ganadera remarca los valores si la demanda est\u00e1 en baja &nbsp; &nbsp; El presidente de la Asociaci\u00f3n de Propietarios de la Carnicer\u00edas, Alberto Williams, asegur\u00f3 que el valor actual de la carne es \u201cdesproporcionado\u201d. \u201cQue me explique alguien por qu\u00e9 aumenta si no hay m\u00e1s demanda\u201d, reclam\u00f3 en una entrevista para El Intransigente. Seg\u00fan el empresario, los precios no se condicen ni con el poder adquisitivo de la poblaci\u00f3n ni con la situaci\u00f3n que atraviesa el pa\u00eds por el coronavirus. Tal como&#8230;<\/p>\n","protected":false},"author":3,"featured_media":55289,"comment_status":"closed","ping_status":"closed","sticky":false,"template":"","format":"standard","meta":[],"categories":[2],"tags":[],"_links":{"self":[{"href":"https:\/\/www.actualidadadiario.com\/index.php\/wp-json\/wp\/v2\/posts\/59571"}],"collection":[{"href":"https:\/\/www.actualidadadiario.com\/index.php\/wp-json\/wp\/v2\/posts"}],"about":[{"href":"https:\/\/www.actualidadadiario.com\/index.php\/wp-json\/wp\/v2\/types\/post"}],"author":[{"embeddable":true,"href":"https:\/\/www.actualidadadiario.com\/index.php\/wp-json\/wp\/v2\/users\/3"}],"replies":[{"embeddable":true,"href":"https:\/\/www.actualidadadiario.com\/index.php\/wp-json\/wp\/v2\/comments?post=59571"}],"version-history":[{"count":1,"href":"https:\/\/www.actualidadadiario.com\/index.php\/wp-json\/wp\/v2\/posts\/59571\/revisions"}],"predecessor-version":[{"id":59572,"href":"https:\/\/www.actualidadadiario.com\/index.php\/wp-json\/wp\/v2\/posts\/59571\/revisions\/59572"}],"wp:featuredmedia":[{"embeddable":true,"href":"https:\/\/www.actualidadadiario.com\/index.php\/wp-json\/wp\/v2\/media\/55289"}],"wp:attachment":[{"href":"https:\/\/www.actualidadadiario.com\/index.php\/wp-json\/wp\/v2\/media?parent=59571"}],"wp:term":[{"taxonomy":"category","embeddable":true,"href":"https:\/\/www.actualidadadiario.com\/index.php\/wp-json\/wp\/v2\/categories?post=59571"},{"taxonomy":"post_tag","embeddable":true,"href":"https:\/\/www.actualidadadiario.com\/index.php\/wp-json\/wp\/v2\/tags?post=59571"}],"curies":[{"name":"wp","href":"https:\/\/api.w.org\/{rel}","templated":true}]}}