{"id":59569,"date":"2020-03-27T17:06:49","date_gmt":"2020-03-27T20:06:49","guid":{"rendered":"https:\/\/www.actualidadadiario.com\/?p=59569"},"modified":"2020-03-27T17:06:49","modified_gmt":"2020-03-27T20:06:49","slug":"comenzo-la-inscripcion-para-cobrar-los-10-000-como-anotarse","status":"publish","type":"post","link":"https:\/\/www.actualidadadiario.com\/index.php\/2020\/03\/27\/comenzo-la-inscripcion-para-cobrar-los-10-000-como-anotarse\/","title":{"rendered":"Comenz\u00f3 la inscripci\u00f3n para cobrar los $10.000: c\u00f3mo anotarse"},"content":{"rendered":"<p style=\"text-align: center;\"><em><strong>En las primeras ocho horas, se registraron 518.926 personas. \u00bfC\u00f3mo ser\u00e1 el programa de pre-inscripci\u00f3n para el Ingreso Familiar de Emergencia?<\/strong><\/em><\/p>\n<p>&nbsp;<\/p>\n<p>&nbsp;<\/p>\n<p>Este viernes 27 de marzo comenz\u00f3 la pre-inscripci\u00f3n para quienes necesiten percibir el Ingreso Familiar de Emergencia (IFE) de 10 mil pesos, otorgado por el Gobierno para paliar los efectos econ\u00f3micos de la pandemia del coronavirus.<\/p>\n<p>En las primeras ocho horas, Anses registr\u00f3 a 518.926 personas que completaron el tr\u00e1mite. Son individuos con DNI que finalizan en 0 y 1. El titular de la Anses, Alejandro Vanoli, subi\u00f3 esa informaci\u00f3n a su cuenta de Twitter. &#8220;M\u00e1s de 518 mil personas con DNI terminados en 0 y 1 ya se anotaron en el IFE en solo 8 horas&#8221;, escribi\u00f3.<\/p>\n<p>Anses pidi\u00f3 a los beneficiarios que &#8220;respeten estrictamente&#8221; las fechas para la inscripci\u00f3n, que depender\u00e1 del n\u00famero de terminaci\u00f3n del documento, para evitar el congestionamiento de la p\u00e1gina de ANSeS.<\/p>\n<p>Despu\u00e9s de concretada esta preinscripci\u00f3n, el organismo llevar\u00e1 adelante un r\u00e1pido relevamiento de datos de la informaci\u00f3n recibida de los solicitantes y, posteriormente, solicitar\u00e1 a \u00e9stos toda una serie de datos complementarios como, por ejemplo, sus n\u00fameros de cuentas bancarias.<\/p>\n<p>&#8220;Es importante se\u00f1alar que el IFE se otorgar\u00e1 a las personas que est\u00e1n desempleadas, trabajen de manera informal, sean monotributistas de las categor\u00edas A y B o, tambi\u00e9n, trabajadoras de casas particulares, as\u00ed como a todos los beneficiarios de la AUH, quienes cobrar\u00e1n esta ayuda a trav\u00e9s de su CBU&#8221;, explic\u00f3 el organismo.<\/p>\n<p>&nbsp;<\/p>\n<p><strong>\u00bfQu\u00e9 requisitos se deber\u00e1n cumplir?<\/strong><\/p>\n<p>Las personas que lo pidan deber\u00e1n ser argentinos nativos o naturalizados y con residencia no inferior a dos a\u00f1os y tener entre 18 y 65 a\u00f1os.<\/p>\n<p>El que cumpla con estas condiciones s\u00f3lo podr\u00e1 acceder al IFE siempre que \u00e9l o alg\u00fan miembro de su grupo familiar no perciban ingresos.<\/p>\n<p>&nbsp;<\/p>\n<p><strong>\u00bfQui\u00e9nes est\u00e1n excluidos del Ingreso Familiar de Emergencia? <\/strong><\/p>\n<p>Estar\u00e1n excluidos quienes tengan ingreso de un trabajo en relaci\u00f3n de dependencia p\u00fablico o privado; sea monotributista de categor\u00eda C o superior o del r\u00e9gimen de aut\u00f3nomos; una prestaci\u00f3n de desempleo; jubilaciones, pensiones o retiros contributivos o no contributivos nacionales, provinciales, municipales o de la Ciudad de Buenos Aires.<\/p>\n<p>Tampoco estar\u00e1n alcanzados quienes reciban ingresos de planes sociales, salario social complementario, Hacemos Futuro, Potenciar Trabajo u otros programas sociales nacionales, provinciales o municipales, a excepci\u00f3n de los de la AUH o Embarazo.<\/p>\n<p>Adem\u00e1s, el IFE se abonar\u00e1 por \u00fanica vez en abril, si bien podr\u00e1 ser prorrogado en caso de ser necesario y los beneficiarios de la Asignaci\u00f3n Universal por Hijo (AUH) deber\u00e1n abstenerse de la preinscripci\u00f3n ya que est\u00e1n autom\u00e1ticamente incluidos.<\/p>\n<p>&nbsp;<\/p>\n<p><strong>El cronograma de preinscripci\u00f3n se har\u00e1 de acuerdo al n\u00famero de terminaci\u00f3n del DNI y es el siguiente:<\/strong><\/p>\n<ul>\n<li>DNI terminaci\u00f3n en 0 y 1, podr\u00e1n completar el formulario el viernes 27 de marzo.<\/li>\n<li>DNI terminaci\u00f3n en 2 y 3, podr\u00e1n completar el formulario el s\u00e1bado 28 de marzo.<\/li>\n<li>DNI terminaci\u00f3n en 4 y 5, podr\u00e1n completar el formulario el domingo 29 de marzo.<\/li>\n<li>DNI terminaci\u00f3n en 6 y 7, podr\u00e1n completar el formulario el lunes 30 de marzo.<\/li>\n<\/ul>\n<p>DNI terminaci\u00f3n en 8 y 9, podr\u00e1n completar el formulario el martes 31 de marzo.<\/p>\n","protected":false},"excerpt":{"rendered":"<p>En las primeras ocho horas, se registraron 518.926 personas. \u00bfC\u00f3mo ser\u00e1 el programa de pre-inscripci\u00f3n para el Ingreso Familiar de Emergencia? &nbsp; &nbsp; Este viernes 27 de marzo comenz\u00f3 la pre-inscripci\u00f3n para quienes necesiten percibir el Ingreso Familiar de Emergencia (IFE) de 10 mil pesos, otorgado por el Gobierno para paliar los efectos econ\u00f3micos de la pandemia del coronavirus. En las primeras ocho horas, Anses registr\u00f3 a 518.926 personas que completaron el tr\u00e1mite. Son individuos con DNI que finalizan en 0 y 1. El titular de la Anses, Alejandro Vanoli,&#8230;<\/p>\n","protected":false},"author":3,"featured_media":53651,"comment_status":"closed","ping_status":"closed","sticky":false,"template":"","format":"standard","meta":[],"categories":[2],"tags":[],"_links":{"self":[{"href":"https:\/\/www.actualidadadiario.com\/index.php\/wp-json\/wp\/v2\/posts\/59569"}],"collection":[{"href":"https:\/\/www.actualidadadiario.com\/index.php\/wp-json\/wp\/v2\/posts"}],"about":[{"href":"https:\/\/www.actualidadadiario.com\/index.php\/wp-json\/wp\/v2\/types\/post"}],"author":[{"embeddable":true,"href":"https:\/\/www.actualidadadiario.com\/index.php\/wp-json\/wp\/v2\/users\/3"}],"replies":[{"embeddable":true,"href":"https:\/\/www.actualidadadiario.com\/index.php\/wp-json\/wp\/v2\/comments?post=59569"}],"version-history":[{"count":1,"href":"https:\/\/www.actualidadadiario.com\/index.php\/wp-json\/wp\/v2\/posts\/59569\/revisions"}],"predecessor-version":[{"id":59570,"href":"https:\/\/www.actualidadadiario.com\/index.php\/wp-json\/wp\/v2\/posts\/59569\/revisions\/59570"}],"wp:featuredmedia":[{"embeddable":true,"href":"https:\/\/www.actualidadadiario.com\/index.php\/wp-json\/wp\/v2\/media\/53651"}],"wp:attachment":[{"href":"https:\/\/www.actualidadadiario.com\/index.php\/wp-json\/wp\/v2\/media?parent=59569"}],"wp:term":[{"taxonomy":"category","embeddable":true,"href":"https:\/\/www.actualidadadiario.com\/index.php\/wp-json\/wp\/v2\/categories?post=59569"},{"taxonomy":"post_tag","embeddable":true,"href":"https:\/\/www.actualidadadiario.com\/index.php\/wp-json\/wp\/v2\/tags?post=59569"}],"curies":[{"name":"wp","href":"https:\/\/api.w.org\/{rel}","templated":true}]}}